{"id":10243,"global_id":"www.sages.ch\/fr\/?id=10243","global_id_lineage":["www.sages.ch\/fr\/?id=10243"],"author":"1","status":"publish","date":"2025-05-16 10:47:17","date_utc":"2025-05-16 08:47:17","modified":"2025-05-16 10:47:59","modified_utc":"2025-05-16 08:47:59","url":"https:\/\/www.sages.ch\/fr\/agenda\/fachtagung-kipppunkte-erkennen-spiritualitaet-in-der-sozialen-arbeit-ressourcen-risiken-und-nebenwirkungen\/","rest_url":"https:\/\/www.sages.ch\/fr\/wp-json\/tribe\/events\/v1\/events\/10243","title":"Fachtagung: \u201eKipppunkte erkennen\u201c Spiritualit\u00e4t in der Sozialen Arbeit &#8211; Ressourcen, Risiken und Nebenwirkungen","description":"<p>Der Fachtag beleuchtet das Thema \u201eSpiritualit\u00e4t\u201c im Spektrum von einer Ressource in der Lebensbew\u00e4ltigung (z.B. bei Erkrankung) bis hin zu Risiken in der Lebensgestaltung mit Auswirkungen auf Identit\u00e4t, sozio-\u00f6konomische Entscheidungen und das soziale Umfeld. Wie k\u00f6nnen Sozialarbeitende in professionellen Beziehungen mit diesem Thema umgehen? Welchen Einfluss hat eine spirituelle Praxis auf die Entscheidungsfindungen von Klient:innen in Unterst\u00fctzungskontexten?<\/p>\n<p>Der Fachtag richtet sich an Sozialarbeitende, Beratende und alle, die in diesen Bereichen t\u00e4tig sind oder Interesse an den behandelten Themen haben.<\/p>\n<p><a href=\"https:\/\/www.ash-berlin.eu\/hochschule\/fachbereiche\/fachbereich-i-soziale-arbeit\/veranstaltungen\/\" target=\"_blank\" rel=\"noopener\">\u203a Webseite<\/a><\/p>","excerpt":"","slug":"fachtagung-kipppunkte-erkennen-spiritualitaet-in-der-sozialen-arbeit-ressourcen-risiken-und-nebenwirkungen","image":false,"all_day":false,"start_date":"2025-07-07 09:00:00","start_date_details":{"year":"2025","month":"07","day":"07","hour":"09","minutes":"00","seconds":"00"},"end_date":"2025-07-07 17:00:00","end_date_details":{"year":"2025","month":"07","day":"07","hour":"17","minutes":"00","seconds":"00"},"utc_start_date":"2025-07-07 07:00:00","utc_start_date_details":{"year":"2025","month":"07","day":"07","hour":"07","minutes":"00","seconds":"00"},"utc_end_date":"2025-07-07 15:00:00","utc_end_date_details":{"year":"2025","month":"07","day":"07","hour":"15","minutes":"00","seconds":"00"},"timezone":"Europe\/Zurich","timezone_abbr":"CEST","cost":"","cost_details":{"currency_symbol":"CHF","currency_code":"USD","currency_position":"prefix","values":[]},"website":"","show_map":true,"show_map_link":true,"hide_from_listings":false,"sticky":false,"featured":false,"categories":[{"name":"Allemand","slug":"allemand","term_group":0,"term_taxonomy_id":62,"taxonomy":"tribe_events_cat","description":"","parent":0,"count":80,"filter":"raw","id":62,"urls":{"self":"https:\/\/www.sages.ch\/fr\/wp-json\/tribe\/events\/v1\/categories\/62","collection":"https:\/\/www.sages.ch\/fr\/wp-json\/tribe\/events\/v1\/categories"}}],"tags":[],"venue":{"id":10240,"author":"1","status":"publish","date":"2025-05-16 10:47:17","date_utc":"2025-05-16 08:47:17","modified":"2025-05-16 10:47:17","modified_utc":"2025-05-16 08:47:17","url":"https:\/\/www.sages.ch\/lieu\/olaf-palme-zentrum\/","venue":"Olaf-Palme-Zentrum","slug":"olaf-palme-zentrum","address":"Denimer Strasse 38","city":"Berlin","country":"Germany","zip":"13355","json_ld":{"@type":"Place","name":"Olaf-Palme-Zentrum","description":"","url":"","address":{"@type":"PostalAddress","streetAddress":"Denimer Strasse 38","addressLocality":"Berlin","postalCode":"13355","addressCountry":"Germany"},"telephone":"","sameAs":""},"show_map":true,"show_map_link":true,"global_id":"www.sages.ch\/fr\/?id=10240","global_id_lineage":["www.sages.ch\/fr\/?id=10240"]},"organizer":[],"custom_fields":[],"json_ld":{"@context":"http:\/\/schema.org","@type":"Event","name":"Fachtagung: \u201eKipppunkte erkennen\u201c Spiritualit\u00e4t in der Sozialen Arbeit &#8211; Ressourcen, Risiken und Nebenwirkungen","description":"&lt;p&gt;Der Fachtag beleuchtet das Thema \u201eSpiritualit\u00e4t\u201c im Spektrum von einer Ressource in der Lebensbew\u00e4ltigung (z.B. bei Erkrankung) bis hin zu Risiken in der Lebensgestaltung mit Auswirkungen auf Identit\u00e4t, sozio-\u00f6konomische Entscheidungen und das soziale Umfeld. Wie k\u00f6nnen Sozialarbeitende in professionellen Beziehungen  [...]&lt;\/p&gt;\\n","url":"https:\/\/www.sages.ch\/fr\/agenda\/fachtagung-kipppunkte-erkennen-spiritualitaet-in-der-sozialen-arbeit-ressourcen-risiken-und-nebenwirkungen\/","eventAttendanceMode":"https:\/\/schema.org\/OfflineEventAttendanceMode","eventStatus":"https:\/\/schema.org\/EventScheduled","startDate":"2025-07-07T09:00:00+02:00","endDate":"2025-07-07T17:00:00+02:00","location":{"@type":"Place","name":"Olaf-Palme-Zentrum","description":"","url":"","address":{"@type":"PostalAddress","streetAddress":"Denimer Strasse 38","addressLocality":"Berlin","postalCode":"13355","addressCountry":"Germany"},"telephone":"","sameAs":""},"performer":"Organization"}}