{"id":11533,"global_id":"www.sages.ch\/fr\/?id=11533","global_id_lineage":["www.sages.ch\/fr\/?id=11533"],"author":"1","status":"publish","date":"2026-03-13 09:31:42","date_utc":"2026-03-13 08:31:42","modified":"2026-03-13 09:34:37","modified_utc":"2026-03-13 08:34:37","url":"https:\/\/www.sages.ch\/fr\/agenda\/evenement-spotlight-les-personnes-agees-a-table\/","rest_url":"https:\/\/www.sages.ch\/fr\/wp-json\/tribe\/events\/v1\/events\/11533","title":"Ev\u00e9nement spotlight \u00abLes personnes \u00e2g\u00e9es \u00e0 table\u00bb &#8211; GERONTOLOGIE CH","description":"<p>GERONTOLOGIE CH vous invite \u00e0 son premier \u00e9v\u00e9nement Spotlight sur le th\u00e8me \u00abLes personnes \u00e2g\u00e9es \u00e0 table\u00bb. Manger est bien plus qu&rsquo;un simple apport nutritionnel: cela cr\u00e9e des liens entre les personnes, r\u00e9veille des souvenirs et contribue \u00e0 la qualit\u00e9 de vie. Mais comment nos habitudes alimentaires changent-elles avec l&rsquo;\u00e2ge? Quel r\u00f4le jouent le plaisir \u00e0 table et la participation sociale lorsque la sant\u00e9, l&rsquo;app\u00e9tit ou les conditions de vie changent? Des experts et expertes aborderont le sujet sous diff\u00e9rents angles.<\/p>\n<p>SAGES est partenaire de l\u2019\u00e9v\u00e9nement; nos membres b\u00e9n\u00e9ficient de conditions de participation pr\u00e9f\u00e9rentielles.<\/p>\n<p><a href=\"https:\/\/www.gerontologie.ch\/fr\/actualites\/manifestations\/detail\/evenement-spotlight-les-personnes-agees-a-table\" target=\"_blank\" rel=\"noopener\">\u203a Site web<\/a><\/p>","excerpt":"","slug":"evenement-spotlight-les-personnes-agees-a-table","image":false,"all_day":false,"start_date":"2026-05-21 12:30:00","start_date_details":{"year":"2026","month":"05","day":"21","hour":"12","minutes":"30","seconds":"00"},"end_date":"2026-05-21 16:30:00","end_date_details":{"year":"2026","month":"05","day":"21","hour":"16","minutes":"30","seconds":"00"},"utc_start_date":"2026-05-21 10:30:00","utc_start_date_details":{"year":"2026","month":"05","day":"21","hour":"10","minutes":"30","seconds":"00"},"utc_end_date":"2026-05-21 14:30:00","utc_end_date_details":{"year":"2026","month":"05","day":"21","hour":"14","minutes":"30","seconds":"00"},"timezone":"Europe\/Zurich","timezone_abbr":"CEST","cost":"","cost_details":{"currency_symbol":"CHF","currency_code":"USD","currency_position":"prefix","values":[]},"website":"","show_map":true,"show_map_link":true,"hide_from_listings":false,"sticky":false,"featured":false,"categories":[{"name":"Allemand","slug":"allemand","term_group":0,"term_taxonomy_id":62,"taxonomy":"tribe_events_cat","description":"","parent":0,"count":80,"filter":"raw","id":62,"urls":{"self":"https:\/\/www.sages.ch\/fr\/wp-json\/tribe\/events\/v1\/categories\/62","collection":"https:\/\/www.sages.ch\/fr\/wp-json\/tribe\/events\/v1\/categories"}},{"name":"Fran\u00e7ais","slug":"francais","term_group":0,"term_taxonomy_id":64,"taxonomy":"tribe_events_cat","description":"","parent":0,"count":46,"filter":"raw","id":64,"urls":{"self":"https:\/\/www.sages.ch\/fr\/wp-json\/tribe\/events\/v1\/categories\/64","collection":"https:\/\/www.sages.ch\/fr\/wp-json\/tribe\/events\/v1\/categories"}}],"tags":[],"venue":{"id":11531,"author":"1","status":"publish","date":"2026-03-13 09:29:11","date_utc":"2026-03-13 08:29:11","modified":"2026-03-13 09:29:11","modified_utc":"2026-03-13 08:29:11","url":"https:\/\/www.sages.ch\/lieu\/allresto-kongresszentrum-bern\/","venue":"Allresto Kongresszentrum Bern","slug":"allresto-kongresszentrum-bern","address":"Effingerstrasse 20","province":"Bern","zip":"3008","stateprovince":"Bern","json_ld":{"@type":"Place","name":"Allresto Kongresszentrum Bern","description":"","url":"","address":{"@type":"PostalAddress","streetAddress":"Effingerstrasse 20","addressRegion":"Bern","postalCode":"3008"},"telephone":"","sameAs":""},"show_map":true,"show_map_link":true,"global_id":"www.sages.ch\/fr\/?id=11531","global_id_lineage":["www.sages.ch\/fr\/?id=11531"]},"organizer":[{"id":4261,"author":"1","status":"publish","date":"2020-05-13 11:04:24","date_utc":"2020-05-13 09:04:24","modified":"2020-05-13 11:04:24","modified_utc":"2020-05-13 09:04:24","url":"https:\/\/www.sages.ch\/organisateur\/gerontologie-ch\/","organizer":"GERONTOLOGIE CH","slug":"gerontologie-ch","website":"https:\/\/www.gerontologie.ch\/de","email":"info@gerontologie.ch","json_ld":{"@type":"Person","name":"GERONTOLOGIE CH","description":"","url":"https:\/\/www.gerontologie.ch\/de","telephone":"","email":"info@gerontologie.ch","sameAs":"https:\/\/www.gerontologie.ch\/de"},"global_id":"www.sages.ch\/fr\/?id=4261","global_id_lineage":["www.sages.ch\/fr\/?id=4261"]}],"custom_fields":[],"json_ld":{"@context":"http:\/\/schema.org","@type":"Event","name":"Ev\u00e9nement spotlight \u00abLes personnes \u00e2g\u00e9es \u00e0 table\u00bb &#8211; GERONTOLOGIE CH","description":"&lt;p&gt;GERONTOLOGIE CH vous invite \u00e0 son premier \u00e9v\u00e9nement Spotlight sur le th\u00e8me \u00abLes personnes \u00e2g\u00e9es \u00e0 table\u00bb. Manger est bien plus qu\\'un simple apport nutritionnel: cela cr\u00e9e des liens entre les personnes, r\u00e9veille des souvenirs et contribue \u00e0 la qualit\u00e9  [...]&lt;\/p&gt;\\n","url":"https:\/\/www.sages.ch\/fr\/agenda\/evenement-spotlight-les-personnes-agees-a-table\/","eventAttendanceMode":"https:\/\/schema.org\/OfflineEventAttendanceMode","eventStatus":"https:\/\/schema.org\/EventScheduled","startDate":"2026-05-21T12:30:00+02:00","endDate":"2026-05-21T16:30:00+02:00","location":{"@type":"Place","name":"Allresto Kongresszentrum Bern","description":"","url":"","address":{"@type":"PostalAddress","streetAddress":"Effingerstrasse 20","addressRegion":"Bern","postalCode":"3008"},"telephone":"","sameAs":""},"organizer":{"@type":"Person","name":"GERONTOLOGIE CH","description":"","url":"https:\/\/www.gerontologie.ch\/de","telephone":"","email":"info@gerontologie.ch","sameAs":"https:\/\/www.gerontologie.ch\/de"},"performer":"Organization"}}