{"id":10257,"date":"2025-05-16T15:57:08","date_gmt":"2025-05-16T13:57:08","guid":{"rendered":"https:\/\/www.sages.ch\/?p=10257"},"modified":"2025-05-16T15:57:25","modified_gmt":"2025-05-16T13:57:25","slug":"assemblee-generale-de-sages","status":"publish","type":"post","link":"https:\/\/www.sages.ch\/fr\/assemblee-generale-de-sages\/","title":{"rendered":"Assembl\u00e9e g\u00e9n\u00e9rale de SAGES 2025"},"content":{"rendered":"<p>Le 7 mai 2025, la 8e assembl\u00e9e g\u00e9n\u00e9rale de SAGES s&rsquo;est tenue dans un format hybride \u00e0 la FHNW \u00e0 Olten.<br \/>\nOutre une br\u00e8ve r\u00e9trospective pr\u00e9sent\u00e9e par le secr\u00e9taire g\u00e9n\u00e9ral, les membres ont pu prendre connaissance des comptes annuels positifs pour l&rsquo;ann\u00e9e 2024.<br \/>\nAnnalotte Wurst, de la Psychiatrie int\u00e9gr\u00e9e de Winterthur, qui s&rsquo;est engag\u00e9e au sein du comit\u00e9 lors de la cr\u00e9ation de SAGES, a d\u00e9cid\u00e9 de quitter le comit\u00e9. Nous l&rsquo;avons remerci\u00e9e pour son grand soutien. Les autres membres du comit\u00e9 ont \u00e9t\u00e9 confirm\u00e9s dans leurs fonctions pour deux ann\u00e9es suppl\u00e9mentaires.<br \/>\nUn changement aura lieu au sein de la pr\u00e9sidence apr\u00e8s l&rsquo;assembl\u00e9e g\u00e9n\u00e9rale de 2026. Tom Friedli, co-pr\u00e9sident de longue date de SAGES, qui a d\u00e9j\u00e0 pr\u00e9sid\u00e9 la pr\u00e9c\u00e9dente association professionnelle, la SFSS, laissera la pr\u00e9sidence de SAGES apr\u00e8s la prochaine assembl\u00e9e g\u00e9n\u00e9rale. Il a donc \u00e9t\u00e9 \u00e9lu pour un an suppl\u00e9mentaire \u00e0 la copr\u00e9sidence. Therese Straubhaar, co-pr\u00e9sidente de SAGES, a quant \u00e0 elle \u00e9t\u00e9 confirm\u00e9e dans ses fonctions pour deux ann\u00e9es suppl\u00e9mentaires.<br \/>\nDans la deuxi\u00e8me partie de l&rsquo;assembl\u00e9e g\u00e9n\u00e9rale, les repr\u00e9sentant\u00b7e\u00b7s des groupes de travail ont rendu compte de l&rsquo;\u00e9tat d&rsquo;avancement des travaux au sein de la nouvelle structure de l&rsquo;association SAGES et de la charte pour le travail social en lien avec la sant\u00e9.<br \/>\nL&rsquo;assembl\u00e9e g\u00e9n\u00e9rale s&rsquo;est conclue par un ap\u00e9ritif et des discussions passionnantes entre les participant\u00b7e\u00b7s.<br \/>\nL&rsquo;assembl\u00e9e g\u00e9n\u00e9rale a une fois de plus montr\u00e9 l&rsquo;implication active des membres et le d\u00e9veloppement strat\u00e9gique de l&rsquo;association. Les discussions et les d\u00e9cisions prises posent des jalons importants pour l&rsquo;avenir de l&rsquo;association. SAGES tient \u00e0 remercier ses membres pour la confiance et la fid\u00e9lit\u00e9 envers l&rsquo;association.<\/p>\n","protected":false},"excerpt":{"rendered":"<p>Le 7 mai 2025, la 8e assembl\u00e9e g\u00e9n\u00e9rale de SAGES s&rsquo;est tenue dans un format hybride \u00e0 la FHNW \u00e0 Olten. Outre une br\u00e8ve r\u00e9trospective pr\u00e9sent\u00e9e par le secr\u00e9taire g\u00e9n\u00e9ral, les membres ont pu prendre connaissance des comptes annuels positifs  [&#8230;]<\/p>\n","protected":false},"author":1,"featured_media":0,"comment_status":"closed","ping_status":"closed","sticky":false,"template":"","format":"standard","meta":{"footnotes":""},"categories":[75,71],"tags":[],"class_list":["post-10257","post","type-post","status-publish","format-standard","hentry","category-2025-fr","category-aktuell-fr"],"_links":{"self":[{"href":"https:\/\/www.sages.ch\/fr\/wp-json\/wp\/v2\/posts\/10257","targetHints":{"allow":["GET"]}}],"collection":[{"href":"https:\/\/www.sages.ch\/fr\/wp-json\/wp\/v2\/posts"}],"about":[{"href":"https:\/\/www.sages.ch\/fr\/wp-json\/wp\/v2\/types\/post"}],"author":[{"embeddable":true,"href":"https:\/\/www.sages.ch\/fr\/wp-json\/wp\/v2\/users\/1"}],"replies":[{"embeddable":true,"href":"https:\/\/www.sages.ch\/fr\/wp-json\/wp\/v2\/comments?post=10257"}],"version-history":[{"count":2,"href":"https:\/\/www.sages.ch\/fr\/wp-json\/wp\/v2\/posts\/10257\/revisions"}],"predecessor-version":[{"id":10259,"href":"https:\/\/www.sages.ch\/fr\/wp-json\/wp\/v2\/posts\/10257\/revisions\/10259"}],"wp:attachment":[{"href":"https:\/\/www.sages.ch\/fr\/wp-json\/wp\/v2\/media?parent=10257"}],"wp:term":[{"taxonomy":"category","embeddable":true,"href":"https:\/\/www.sages.ch\/fr\/wp-json\/wp\/v2\/categories?post=10257"},{"taxonomy":"post_tag","embeddable":true,"href":"https:\/\/www.sages.ch\/fr\/wp-json\/wp\/v2\/tags?post=10257"}],"curies":[{"name":"wp","href":"https:\/\/api.w.org\/{rel}","templated":true}]}}