{"id":10459,"date":"2025-06-13T15:00:32","date_gmt":"2025-06-13T13:00:32","guid":{"rendered":"https:\/\/www.sages.ch\/?p=10459"},"modified":"2025-06-13T15:00:32","modified_gmt":"2025-06-13T13:00:32","slug":"lettre-ouverte-revision-totale-de-la-loi-sur-laide-sociale-du-canton-de-berne","status":"publish","type":"post","link":"https:\/\/www.sages.ch\/fr\/lettre-ouverte-revision-totale-de-la-loi-sur-laide-sociale-du-canton-de-berne\/","title":{"rendered":"Lettre ouverte \u2013 R\u00e9vision totale de la loi sur l\u2019aide sociale du Canton de Berne"},"content":{"rendered":"<p>Une large alliance d&rsquo;associations professionnelles, d&rsquo;institutions sociopolitiques et d&rsquo;organisations juridiques d\u00e9nonce les principaux \u00e9l\u00e9ments de la r\u00e9vision propos\u00e9e dans la loi bernoise sur l&rsquo;aide sociale. L&rsquo;appel, qui s&rsquo;adresse aux membres de la Commission de la sant\u00e9 et des affaires sociales du Grand Conseil du canton de Berne, est sign\u00e9 par :<\/p>\n<p>\u2014 actio Bern<br \/>\n\u2014 Alliance Enfance<br \/>\n\u2014 AvenirSocial<br \/>\n\u2014 Demokratische Jurist*innen Bern<br \/>\n\u2014 Organisation fa\u00eeti\u00e8re des institutions sociales Bienne et r\u00e9gion DSI-OIS<br \/>\n\u2014 Kriso \u2013 Forum f\u00fcr kritische Soziale Arbeit<br \/>\n\u2014 Qualifutura<br \/>\n\u2014 L\u2019Association suisse pour le travail social en lien avec la sant\u00e9 SAGES<br \/>\n\u2014 Unabh\u00e4ngige Fachstelle f\u00fcr Sozialhilferecht UFS<\/p>\n<p>\u203a <a href=\"https:\/\/www.sages.ch\/wp-content\/uploads\/2025\/06\/LettreOuverte_AllianceLASoc_Berne_public.pdf\" target=\"_blank\" rel=\"noopener\">Lettre ouverte<\/a><\/p>\n<p>\u203a <a href=\"https:\/\/www.sages.ch\/wp-content\/uploads\/2025\/06\/Annexe_LettreOuverte_AllianceLASoc.pdf\" target=\"_blank\" rel=\"noopener\">Annexe lettre ouverte<\/a><\/p>\n","protected":false},"excerpt":{"rendered":"<p>Une large alliance d&rsquo;associations professionnelles, d&rsquo;institutions sociopolitiques et d&rsquo;organisations juridiques d\u00e9nonce les principaux \u00e9l\u00e9ments de la r\u00e9vision propos\u00e9e dans la loi bernoise sur l&rsquo;aide sociale. L&rsquo;appel, qui s&rsquo;adresse aux membres de la Commission de la sant\u00e9 et des affaires sociales  [&#8230;]<\/p>\n","protected":false},"author":1,"featured_media":0,"comment_status":"closed","ping_status":"closed","sticky":false,"template":"","format":"standard","meta":{"footnotes":""},"categories":[75,71],"tags":[],"class_list":["post-10459","post","type-post","status-publish","format-standard","hentry","category-2025-fr","category-aktuell-fr"],"_links":{"self":[{"href":"https:\/\/www.sages.ch\/fr\/wp-json\/wp\/v2\/posts\/10459","targetHints":{"allow":["GET"]}}],"collection":[{"href":"https:\/\/www.sages.ch\/fr\/wp-json\/wp\/v2\/posts"}],"about":[{"href":"https:\/\/www.sages.ch\/fr\/wp-json\/wp\/v2\/types\/post"}],"author":[{"embeddable":true,"href":"https:\/\/www.sages.ch\/fr\/wp-json\/wp\/v2\/users\/1"}],"replies":[{"embeddable":true,"href":"https:\/\/www.sages.ch\/fr\/wp-json\/wp\/v2\/comments?post=10459"}],"version-history":[{"count":1,"href":"https:\/\/www.sages.ch\/fr\/wp-json\/wp\/v2\/posts\/10459\/revisions"}],"predecessor-version":[{"id":10460,"href":"https:\/\/www.sages.ch\/fr\/wp-json\/wp\/v2\/posts\/10459\/revisions\/10460"}],"wp:attachment":[{"href":"https:\/\/www.sages.ch\/fr\/wp-json\/wp\/v2\/media?parent=10459"}],"wp:term":[{"taxonomy":"category","embeddable":true,"href":"https:\/\/www.sages.ch\/fr\/wp-json\/wp\/v2\/categories?post=10459"},{"taxonomy":"post_tag","embeddable":true,"href":"https:\/\/www.sages.ch\/fr\/wp-json\/wp\/v2\/tags?post=10459"}],"curies":[{"name":"wp","href":"https:\/\/api.w.org\/{rel}","templated":true}]}}