{"id":11571,"date":"2026-03-13T13:52:07","date_gmt":"2026-03-13T12:52:07","guid":{"rendered":"https:\/\/www.sages.ch\/?p=11571"},"modified":"2026-03-13T13:56:20","modified_gmt":"2026-03-13T12:56:20","slug":"sages-partenaire-de-cooperation-pour-des-congres-et-des-webinaires","status":"publish","type":"post","link":"https:\/\/www.sages.ch\/fr\/sages-partenaire-de-cooperation-pour-des-congres-et-des-webinaires\/","title":{"rendered":"SAGES, partenaire de coop\u00e9ration pour des congr\u00e8s et des webinaires"},"content":{"rendered":"<p>Au cours des prochains mois, SAGES sera partenaire de coop\u00e9ration de nombreux congr\u00e8s et webinaires \u2013 avec des avantages pour nos membres.<\/p>\n<div><strong>Journ\u00e9e d\u2019\u00e9tude en ligne gratuite \u00ab\u202fEinsamkeit im Fokus \u2013 Einsamkeitsph\u00e4nomene in der Sozialen Arbeit erkennen und ihnen professionell begegnen \u00bb (en allemand uniquement)<\/strong><\/div>\n<div>Le European Centre for Clinical Social Work e.V. (ECCSW) organise le 12 mai 2026 une journ\u00e9e d\u2019\u00e9tude en ligne gratuite. SAGES est partenaire de coop\u00e9ration de cette journ\u00e9e.<br \/>\n<a href=\"https:\/\/www.sages.ch\/fr\/agenda\/save-the-date-call-einsamkeit-im-fokus-einsamkeitsphaenomene-in-der-sozialen-arbeit-erkennen-und-ihnen-professionell-begegnen\/\" target=\"_blank\" rel=\"noopener noreferrer\">\u203a Plus d\u2019informations sur le programme et les possibilit\u00e9s d\u2019inscription. <\/a><\/p>\n<p><strong>\u00c9v\u00e9nement Spotlight : \u00ab\u202fLes personnes \u00e2g\u00e9es \u00e0 table\u202f\u00bb<br \/>\n<\/strong>GERONTOLOGIE CH organise le 21 mai 2026 son premier \u00e9v\u00e9nement Spotlight consacr\u00e9 au th\u00e8me \u00ab\u202fLes personnes \u00e2g\u00e9es \u00e0 table\u202f\u00bb. SAGES est partenaire de coop\u00e9ration du congr\u00e8s. Nos membres b\u00e9n\u00e9ficient de conditions de participation avantageuses.<br \/>\n<a href=\"https:\/\/www.sages.ch\/fr\/agenda\/evenement-spotlight-les-personnes-agees-a-table\/\" target=\"_blank\" rel=\"noopener noreferrer\">\u203a Plus d\u2019informations sur le programme et les possibilit\u00e9s d\u2019inscription.<\/a><\/div>\n<div>\n<p><strong>Symposium fmc : \u00ab\u202fPatient\u00b7es en situations de soins complexes\u202f\u00bb<br \/>\n<\/strong>Le Symposium national des soins int\u00e9gr\u00e9s du 10 juin 2026 propose le matin plusieurs sessions d\u2019introduction (\u00ab\u202fWarm\u2011Up Sessions\u202f\u00bb) ainsi que des impulsions et sessions \u00ab\u202fBrainfood\u202f\u00bb l\u2019apr\u00e8s\u2011midi. SAGES y animera une Morning Session intitul\u00e9e : \u00ab\u202fFacteurs sociaux de la maladie\/de la sant\u00e9 : identification\u2026 et ensuite\u202f?\u202f\u00bb<br \/>\n<a href=\"https:\/\/www.sages.ch\/fr\/agenda\/save-the-date-nationales-symposium-integrierte-versorgung-2026\/\" target=\"_blank\" rel=\"noopener noreferrer\">\u203a Plus d\u2019informations sur le programme et les possibilit\u00e9s d\u2019inscription. <\/a><\/p>\n<p><strong>6e Congr\u00e8s national Sant\u00e9 &amp; pauvret\u00e9 : \u00ab\u202fTravail pr\u00e9caire, sant\u00e9 pr\u00e9caire : sortir de l\u2019engrenage des nouvelles ins\u00e9curit\u00e9s sociales\u202f\u00bb<br \/>\n<\/strong>Le congr\u00e8s du 18 juin 2026 examine les cons\u00e9quences des nouvelles formes de relations de travail sur la sant\u00e9 et s\u2019int\u00e9resse aux moyens de reconna\u00eetre et de r\u00e9duire les in\u00e9galit\u00e9s sociales dans le monde du travail. SAGES est partenaire de coop\u00e9ration du congr\u00e8s. Nos membres b\u00e9n\u00e9ficient de conditions de participation avantageuses.<br \/>\n<a href=\"https:\/\/www.sages.ch\/fr\/agenda\/6e-congres-national-sante-pauvrete-travail-precaire-sante-precaire-sortir-de-lengrenage-des-nouvelles-insecurites-sociales\/\" target=\"_blank\" rel=\"noopener noreferrer\">\u203a Plus d\u2019informations sur le programme et les possibilit\u00e9s d\u2019inscription. <\/a><\/p>\n<p><strong>7e Colloque national sp\u00e9cialis\u00e9 GERONTOLOGIE CH \u00ab\u202fRester cool face au changement climatique \u2013 une question br\u00fblante en regard du vieillissement\u202f\u00bb<br \/>\n<\/strong>La journ\u00e9e du 3 septembre 2026 aborde les d\u00e9fis multiples li\u00e9s au vieillissement dans un contexte de changement climatique et pr\u00e9sente des pistes d\u2019action pour permettre un vieillissement autod\u00e9termin\u00e9 et de qualit\u00e9. SAGES est partenaire de coop\u00e9ration du congr\u00e8s. Nos membres b\u00e9n\u00e9ficient de conditions de participation avantageuses.<br \/>\n<a href=\"https:\/\/www.sages.ch\/fr\/agenda\/7e-colloque-national-specialise-gerontologie-ch-rester-cool-face-au-changement-climatique-une-question-brulante-en-regard-du-vieillissement\/\" target=\"_blank\" rel=\"noopener noreferrer\">\u203a Plus d\u2019informations sur le programme et les possibilit\u00e9s d\u2019inscription.<\/a><\/p>\n<\/div>\n","protected":false},"excerpt":{"rendered":"<p>Au cours des prochains mois, SAGES sera partenaire de coop\u00e9ration de nombreux congr\u00e8s et webinaires \u2013 avec des avantages pour nos membres. Journ\u00e9e d\u2019\u00e9tude en ligne gratuite \u00ab\u202fEinsamkeit im Fokus \u2013 Einsamkeitsph\u00e4nomene in der Sozialen Arbeit erkennen und ihnen professionell  [&#8230;]<\/p>\n","protected":false},"author":1,"featured_media":0,"comment_status":"closed","ping_status":"closed","sticky":false,"template":"","format":"standard","meta":{"footnotes":""},"categories":[78,71],"tags":[],"class_list":["post-11571","post","type-post","status-publish","format-standard","hentry","category-2026-fr","category-aktuell-fr"],"_links":{"self":[{"href":"https:\/\/www.sages.ch\/fr\/wp-json\/wp\/v2\/posts\/11571","targetHints":{"allow":["GET"]}}],"collection":[{"href":"https:\/\/www.sages.ch\/fr\/wp-json\/wp\/v2\/posts"}],"about":[{"href":"https:\/\/www.sages.ch\/fr\/wp-json\/wp\/v2\/types\/post"}],"author":[{"embeddable":true,"href":"https:\/\/www.sages.ch\/fr\/wp-json\/wp\/v2\/users\/1"}],"replies":[{"embeddable":true,"href":"https:\/\/www.sages.ch\/fr\/wp-json\/wp\/v2\/comments?post=11571"}],"version-history":[{"count":7,"href":"https:\/\/www.sages.ch\/fr\/wp-json\/wp\/v2\/posts\/11571\/revisions"}],"predecessor-version":[{"id":11578,"href":"https:\/\/www.sages.ch\/fr\/wp-json\/wp\/v2\/posts\/11571\/revisions\/11578"}],"wp:attachment":[{"href":"https:\/\/www.sages.ch\/fr\/wp-json\/wp\/v2\/media?parent=11571"}],"wp:term":[{"taxonomy":"category","embeddable":true,"href":"https:\/\/www.sages.ch\/fr\/wp-json\/wp\/v2\/categories?post=11571"},{"taxonomy":"post_tag","embeddable":true,"href":"https:\/\/www.sages.ch\/fr\/wp-json\/wp\/v2\/tags?post=11571"}],"curies":[{"name":"wp","href":"https:\/\/api.w.org\/{rel}","templated":true}]}}