{"id":3270,"date":"2018-03-01T15:42:54","date_gmt":"2018-03-01T14:42:54","guid":{"rendered":"https:\/\/www.sages.ch\/?p=3270"},"modified":"2022-12-11T12:49:59","modified_gmt":"2022-12-11T11:49:59","slug":"claire-george-stiftung","status":"publish","type":"post","link":"https:\/\/www.sages.ch\/fr\/claire-george-stiftung\/","title":{"rendered":"Claire &#038; George Stiftung"},"content":{"rendered":"<p><strong>Individuelle Ferien\u00a0in allen Lebensphasen m\u00f6glich machen<\/strong><\/p>\n<p>Claire &amp; George Stiftung vermittelt\u00a0individuelle Ferien in barrierefreien Hotels der Schweiz mit\u00a0Spitex- oder weiteren\u00a0Unterst\u00fctzungs- oder Entlastungsservices nach Bedarf. F\u00fcr G\u00e4ste mit Behinderungen oder altersbedingten Einschr\u00e4nkungen.<\/p>\n<p>Die Stiftung wurde im April 2013 als\u00a0operative Non-Profit Stiftung gegr\u00fcndet. Sie fungiert als Kompetenzzentrum, Drehscheibe sowie\u00a0Vermittlungs- und Vermarktungsplattform zwischen\u00a0Hotellerie, Kunden und Anbietern von ambulanten Pflege- und Unterst\u00fctzungsdienstleistungen. hotelleriesuisse und der Spitex Verband Schweiz sind im Stiftungsrat vertreten.<\/p>\n<p>Von Claire &amp; George Hotelspitex als innovative und zukunftsorientierte Dienstleistung profitieren alle\u00a0Menschen, die alters-, krankheits-, unfall- oder behinderungsbedingt auf Hilfe angewiesen sind sowie ihre Angeh\u00f6rigen. Gemeinsame Ferien werden wieder m\u00f6glich. Denn Ferien und Kulissenwechsel brauchen wir alle \u2013 von der Arbeit wie vom Alltag. Sie tragen zur Verbesserung der psychischen und physischen Gesundheit bei.<\/p>\n<p><a href=\"https:\/\/www.claireundgeorge.ch\/de\/\" target=\"_blank\" rel=\"noopener noreferrer\">\u203a\u00a0Angebote<\/a><\/p>\n","protected":false},"excerpt":{"rendered":"<p>Individuelle Ferien\u00a0in allen Lebensphasen m\u00f6glich machen Claire &amp; George Stiftung vermittelt\u00a0individuelle Ferien in barrierefreien Hotels der Schweiz mit\u00a0Spitex- oder weiteren\u00a0Unterst\u00fctzungs- oder Entlastungsservices nach Bedarf. F\u00fcr G\u00e4ste mit Behinderungen oder altersbedingten Einschr\u00e4nkungen. Die Stiftung wurde im April 2013 als\u00a0operative Non-Profit Stiftung  [&#8230;]<\/p>\n","protected":false},"author":1,"featured_media":0,"comment_status":"closed","ping_status":"closed","sticky":false,"template":"","format":"standard","meta":{"footnotes":""},"categories":[43,16],"tags":[],"class_list":["post-3270","post","type-post","status-publish","format-standard","hentry","category-2018-fr","category-non-classifiee"],"_links":{"self":[{"href":"https:\/\/www.sages.ch\/fr\/wp-json\/wp\/v2\/posts\/3270","targetHints":{"allow":["GET"]}}],"collection":[{"href":"https:\/\/www.sages.ch\/fr\/wp-json\/wp\/v2\/posts"}],"about":[{"href":"https:\/\/www.sages.ch\/fr\/wp-json\/wp\/v2\/types\/post"}],"author":[{"embeddable":true,"href":"https:\/\/www.sages.ch\/fr\/wp-json\/wp\/v2\/users\/1"}],"replies":[{"embeddable":true,"href":"https:\/\/www.sages.ch\/fr\/wp-json\/wp\/v2\/comments?post=3270"}],"version-history":[{"count":3,"href":"https:\/\/www.sages.ch\/fr\/wp-json\/wp\/v2\/posts\/3270\/revisions"}],"predecessor-version":[{"id":3749,"href":"https:\/\/www.sages.ch\/fr\/wp-json\/wp\/v2\/posts\/3270\/revisions\/3749"}],"wp:attachment":[{"href":"https:\/\/www.sages.ch\/fr\/wp-json\/wp\/v2\/media?parent=3270"}],"wp:term":[{"taxonomy":"category","embeddable":true,"href":"https:\/\/www.sages.ch\/fr\/wp-json\/wp\/v2\/categories?post=3270"},{"taxonomy":"post_tag","embeddable":true,"href":"https:\/\/www.sages.ch\/fr\/wp-json\/wp\/v2\/tags?post=3270"}],"curies":[{"name":"wp","href":"https:\/\/api.w.org\/{rel}","templated":true}]}}