{"id":3329,"date":"2018-10-02T16:01:21","date_gmt":"2018-10-02T14:01:21","guid":{"rendered":"https:\/\/www.sages.ch\/?p=3329"},"modified":"2022-12-11T12:49:12","modified_gmt":"2022-12-11T11:49:12","slug":"buchvernissage-mit-apero","status":"publish","type":"post","link":"https:\/\/www.sages.ch\/fr\/buchvernissage-mit-apero\/","title":{"rendered":"Buchvernissage mit Ap\u00e9ro"},"content":{"rendered":"<p>Das Spital Emmental und sages\u00a0m\u00f6chten Sie herzlich zur Buchvernissage mit Ap\u00e9ro einladen.<\/p>\n<p>Wann: Donnerstag, 29.11.2018, 17 Uhr<\/p>\n<p>Wo: Kurslokal Spital Burgdorf (Haus 2, Erdgeschoss)<\/p>\n<p>Bruno Keel, Leiter Sozialdienst und sages-Ehrenmitglied, hat in zweij\u00e4hriger Freizeitarbeit das Standardwerk der Sozialen Arbeit im Spital von Ida Cannon vom Amerikanischen ins Deutsche \u00fcbersetzt und soeben unter dem Titel \u201eSoziale Arbeit im Krankenhaus \u2013 Medizin und Soziales verbinden\u201c herausgegeben. Das Besondere daran: Geschrieben wurde es vor \u00fcber 100 Jahren von einer Frau mit F\u00fchrungsverantwortung im obersten Leitungsgremium eines Grossspitals. Das war damals noch ungew\u00f6hnlicher als heute. Und ihr Standardwerk ist heute noch ebenso aktuell wie 1913. Warum, ersehen Sie aus der Beilage.<\/p>\n<p>Damit unsere Restaurant-Equipe seri\u00f6s planen kann, bitten wir Sie um Anmeldung bis 22. November an <a href=\"mailto:bruno.keel@spital-emmental.ch\" target=\"_blank\" rel=\"noopener noreferrer\">bruno.keel@spital-emmental.ch<\/a>.<\/p>\n<p>Merci und hoffentlich bis bald!<\/p>\n<p><a href=\"https:\/\/www.sages.ch\/wp-content\/uploads\/2018\/10\/Buchvernissage-Flyer.pdf\" target=\"_blank\" rel=\"noopener noreferrer\">\u203a\u00a0Flyer<\/a><\/p>\n","protected":false},"excerpt":{"rendered":"<p>Das Spital Emmental und sages\u00a0m\u00f6chten Sie herzlich zur Buchvernissage mit Ap\u00e9ro einladen. Wann: Donnerstag, 29.11.2018, 17 Uhr Wo: Kurslokal Spital Burgdorf (Haus 2, Erdgeschoss) Bruno Keel, Leiter Sozialdienst und sages-Ehrenmitglied, hat in zweij\u00e4hriger Freizeitarbeit das Standardwerk der Sozialen Arbeit im  [&#8230;]<\/p>\n","protected":false},"author":1,"featured_media":0,"comment_status":"closed","ping_status":"closed","sticky":false,"template":"","format":"standard","meta":{"footnotes":""},"categories":[43,16],"tags":[],"class_list":["post-3329","post","type-post","status-publish","format-standard","hentry","category-2018-fr","category-non-classifiee"],"_links":{"self":[{"href":"https:\/\/www.sages.ch\/fr\/wp-json\/wp\/v2\/posts\/3329","targetHints":{"allow":["GET"]}}],"collection":[{"href":"https:\/\/www.sages.ch\/fr\/wp-json\/wp\/v2\/posts"}],"about":[{"href":"https:\/\/www.sages.ch\/fr\/wp-json\/wp\/v2\/types\/post"}],"author":[{"embeddable":true,"href":"https:\/\/www.sages.ch\/fr\/wp-json\/wp\/v2\/users\/1"}],"replies":[{"embeddable":true,"href":"https:\/\/www.sages.ch\/fr\/wp-json\/wp\/v2\/comments?post=3329"}],"version-history":[{"count":4,"href":"https:\/\/www.sages.ch\/fr\/wp-json\/wp\/v2\/posts\/3329\/revisions"}],"predecessor-version":[{"id":3734,"href":"https:\/\/www.sages.ch\/fr\/wp-json\/wp\/v2\/posts\/3329\/revisions\/3734"}],"wp:attachment":[{"href":"https:\/\/www.sages.ch\/fr\/wp-json\/wp\/v2\/media?parent=3329"}],"wp:term":[{"taxonomy":"category","embeddable":true,"href":"https:\/\/www.sages.ch\/fr\/wp-json\/wp\/v2\/categories?post=3329"},{"taxonomy":"post_tag","embeddable":true,"href":"https:\/\/www.sages.ch\/fr\/wp-json\/wp\/v2\/tags?post=3329"}],"curies":[{"name":"wp","href":"https:\/\/api.w.org\/{rel}","templated":true}]}}