{"id":3338,"date":"2018-11-02T16:03:10","date_gmt":"2018-11-02T15:03:10","guid":{"rendered":"https:\/\/www.sages.ch\/?p=3338"},"modified":"2022-12-11T12:49:12","modified_gmt":"2022-12-11T11:49:12","slug":"kampagne-wie-gehts-dir","status":"publish","type":"post","link":"https:\/\/www.sages.ch\/fr\/kampagne-wie-gehts-dir\/","title":{"rendered":"Kampagne \u00abWie geht&rsquo;s dir?\u00bb"},"content":{"rendered":"<p>Die Neuauflage der 2014 lancierten Kampagne \u00abWie geht\u2019s dir?\u00bb von den Deutschschweizer Kantonen und Pro Mente Sana im Auftrag von Gesundheitsf\u00f6rderung Schweiz will noch st\u00e4rker f\u00fcr einen offeneren Umgang mit dem Thema \u00abpsychische Gesundheit\u00bb sensibilisieren.<\/p>\n<p><a href=\"https:\/\/www.wie-gehts-dir.ch\/assets\/images\/contentImages\/Medienmitteilung-Studie-sotomo-Wie-gehts-dir.pdf\" target=\"_blank\" rel=\"noopener noreferrer\">\u203a\u00a0Medienmitteilung<\/a><\/p>\n<p><a href=\"https:\/\/www.wie-gehts-dir.ch\/de\/\" target=\"_blank\" rel=\"noopener noreferrer\">\u203a Webseite<\/a><\/p>\n","protected":false},"excerpt":{"rendered":"<p>Die Neuauflage der 2014 lancierten Kampagne \u00abWie geht\u2019s dir?\u00bb von den Deutschschweizer Kantonen und Pro Mente Sana im Auftrag von Gesundheitsf\u00f6rderung Schweiz will noch st\u00e4rker f\u00fcr einen offeneren Umgang mit dem Thema \u00abpsychische Gesundheit\u00bb sensibilisieren. \u203a\u00a0Medienmitteilung \u203a Webseite<\/p>\n","protected":false},"author":1,"featured_media":0,"comment_status":"closed","ping_status":"closed","sticky":false,"template":"","format":"standard","meta":{"footnotes":""},"categories":[43,16],"tags":[],"class_list":["post-3338","post","type-post","status-publish","format-standard","hentry","category-2018-fr","category-non-classifiee"],"_links":{"self":[{"href":"https:\/\/www.sages.ch\/fr\/wp-json\/wp\/v2\/posts\/3338","targetHints":{"allow":["GET"]}}],"collection":[{"href":"https:\/\/www.sages.ch\/fr\/wp-json\/wp\/v2\/posts"}],"about":[{"href":"https:\/\/www.sages.ch\/fr\/wp-json\/wp\/v2\/types\/post"}],"author":[{"embeddable":true,"href":"https:\/\/www.sages.ch\/fr\/wp-json\/wp\/v2\/users\/1"}],"replies":[{"embeddable":true,"href":"https:\/\/www.sages.ch\/fr\/wp-json\/wp\/v2\/comments?post=3338"}],"version-history":[{"count":3,"href":"https:\/\/www.sages.ch\/fr\/wp-json\/wp\/v2\/posts\/3338\/revisions"}],"predecessor-version":[{"id":3732,"href":"https:\/\/www.sages.ch\/fr\/wp-json\/wp\/v2\/posts\/3338\/revisions\/3732"}],"wp:attachment":[{"href":"https:\/\/www.sages.ch\/fr\/wp-json\/wp\/v2\/media?parent=3338"}],"wp:term":[{"taxonomy":"category","embeddable":true,"href":"https:\/\/www.sages.ch\/fr\/wp-json\/wp\/v2\/categories?post=3338"},{"taxonomy":"post_tag","embeddable":true,"href":"https:\/\/www.sages.ch\/fr\/wp-json\/wp\/v2\/tags?post=3338"}],"curies":[{"name":"wp","href":"https:\/\/api.w.org\/{rel}","templated":true}]}}