{"id":3346,"date":"2018-11-04T16:05:10","date_gmt":"2018-11-04T15:05:10","guid":{"rendered":"https:\/\/www.sages.ch\/?p=3346"},"modified":"2022-12-11T12:49:11","modified_gmt":"2022-12-11T11:49:11","slug":"vernehmlassung-zum-bundesgesetz-ueber-die-verbesserung-der-vereinbarkeit-von-erwerbstaetigkeit-und-angehoerigenbetreuung","status":"publish","type":"post","link":"https:\/\/www.sages.ch\/fr\/vernehmlassung-zum-bundesgesetz-ueber-die-verbesserung-der-vereinbarkeit-von-erwerbstaetigkeit-und-angehoerigenbetreuung\/","title":{"rendered":"Vernehmlassung zum Bundesgesetz \u00fcber die Verbesserung der Vereinbarkeit von Erwerbst\u00e4tigkeit und Angeh\u00f6rigenbetreuung"},"content":{"rendered":"<p>Erste Schritte in die richtige Richtung, aber das ist nur der Anfang:<\/p>\n<p>Die IG Betreuende und pflegende Angeh\u00f6rige unterst\u00fctzt die Absicht des Bundesrates die Vereinbarkeit von Erwerbst\u00e4tigkeit und Angeh\u00f6rigenbetreuung zu verbessern. Weitere Unterst\u00fctzungsangebote zur Entlastung von betreuenden und pflegenden Angeh\u00f6rigen sind aber notwendig.<\/p>\n<p>sages geh\u00f6rte zum Netzwerk unterst\u00fctzender Organisationen bei der\u00a0Stellungnahme der IG Betreuende und pflegende Angeh\u00f6rige.<\/p>\n<p><a href=\"https:\/\/www.sages.ch\/wp-content\/uploads\/2018\/11\/Mediemmitteilung-IG-BG-Vereinbarkeit_D.pdf\" target=\"_blank\" rel=\"noopener noreferrer\">\u203a\u00a0Medienmitteilung<\/a><\/p>\n","protected":false},"excerpt":{"rendered":"<p>Erste Schritte in die richtige Richtung, aber das ist nur der Anfang: Die IG Betreuende und pflegende Angeh\u00f6rige unterst\u00fctzt die Absicht des Bundesrates die Vereinbarkeit von Erwerbst\u00e4tigkeit und Angeh\u00f6rigenbetreuung zu verbessern. Weitere Unterst\u00fctzungsangebote zur Entlastung von betreuenden und pflegenden Angeh\u00f6rigen  [&#8230;]<\/p>\n","protected":false},"author":1,"featured_media":0,"comment_status":"closed","ping_status":"closed","sticky":false,"template":"","format":"standard","meta":{"footnotes":""},"categories":[43,16],"tags":[],"class_list":["post-3346","post","type-post","status-publish","format-standard","hentry","category-2018-fr","category-non-classifiee"],"_links":{"self":[{"href":"https:\/\/www.sages.ch\/fr\/wp-json\/wp\/v2\/posts\/3346","targetHints":{"allow":["GET"]}}],"collection":[{"href":"https:\/\/www.sages.ch\/fr\/wp-json\/wp\/v2\/posts"}],"about":[{"href":"https:\/\/www.sages.ch\/fr\/wp-json\/wp\/v2\/types\/post"}],"author":[{"embeddable":true,"href":"https:\/\/www.sages.ch\/fr\/wp-json\/wp\/v2\/users\/1"}],"replies":[{"embeddable":true,"href":"https:\/\/www.sages.ch\/fr\/wp-json\/wp\/v2\/comments?post=3346"}],"version-history":[{"count":3,"href":"https:\/\/www.sages.ch\/fr\/wp-json\/wp\/v2\/posts\/3346\/revisions"}],"predecessor-version":[{"id":3730,"href":"https:\/\/www.sages.ch\/fr\/wp-json\/wp\/v2\/posts\/3346\/revisions\/3730"}],"wp:attachment":[{"href":"https:\/\/www.sages.ch\/fr\/wp-json\/wp\/v2\/media?parent=3346"}],"wp:term":[{"taxonomy":"category","embeddable":true,"href":"https:\/\/www.sages.ch\/fr\/wp-json\/wp\/v2\/categories?post=3346"},{"taxonomy":"post_tag","embeddable":true,"href":"https:\/\/www.sages.ch\/fr\/wp-json\/wp\/v2\/tags?post=3346"}],"curies":[{"name":"wp","href":"https:\/\/api.w.org\/{rel}","templated":true}]}}