{"id":3349,"date":"2018-12-01T16:06:04","date_gmt":"2018-12-01T15:06:04","guid":{"rendered":"https:\/\/www.sages.ch\/?p=3349"},"modified":"2022-12-11T12:49:11","modified_gmt":"2022-12-11T11:49:11","slug":"foerderprogramm-entlastungsangebote-fuer-betreuende-angehoerige-2","status":"publish","type":"post","link":"https:\/\/www.sages.ch\/fr\/foerderprogramm-entlastungsangebote-fuer-betreuende-angehoerige-2\/","title":{"rendered":"F\u00f6rderprogramm \u00abEntlastungsangebote f\u00fcr betreuende Angeh\u00f6rige\u00bb"},"content":{"rendered":"<p>Ein Forschungsprojekt des Bundesamtes f\u00fcr Gesundheit (BAG) hat begonnen, darunter eine Online-Umfrage f\u00fcr betreuende und pflegende Angeh\u00f6rige. Alle Personen, die eine nahestehende Person begleiten oder begleitet haben, die auf Grund einer Krankheit, eines Unfalls, einer Behinderung oder altersbedingt auf Unterst\u00fctzung angewiesen ist\/war, k\u00f6nnen teilnehmen. Dieses Forschungsprojekt ist ein Teil des F\u00f6rderprogramms \u00abEntlastungsangebote f\u00fcr betreuende Angeh\u00f6rige\u00bb des BAG. Programmteil 1 (Wissensgrundlagen) will die Situation und die Bed\u00fcrfnisse von betreuenden und pflegenden Angeh\u00f6rigen erforschen. Dies soll der Weiterentwicklung von Entlastungsangeboten dienen; mit dem Ziel, dass betreuende Angeh\u00f6rige ihre Erwerbst\u00e4tigkeit beibehalten k\u00f6nnen.<\/p>\n<p><a href=\"https:\/\/www.bag.admin.ch\/bag\/de\/home\/strategie-und-politik\/nationale-gesundheitspolitik\/foerderprogramme-der-fachkraefteinitiative-plus\/foerderprogramme-entlastung-angehoerige.html\" target=\"_blank\" rel=\"noopener noreferrer\">\u203a Webseite<\/a><\/p>\n<p><a href=\"http:\/\/de.surveymonkey.com\/r\/coord07?lang=de\" target=\"_blank\" rel=\"noopener noreferrer\">\u203a Umfrage<\/a><\/p>\n","protected":false},"excerpt":{"rendered":"<p>Ein Forschungsprojekt des Bundesamtes f\u00fcr Gesundheit (BAG) hat begonnen, darunter eine Online-Umfrage f\u00fcr betreuende und pflegende Angeh\u00f6rige. Alle Personen, die eine nahestehende Person begleiten oder begleitet haben, die auf Grund einer Krankheit, eines Unfalls, einer Behinderung oder altersbedingt auf Unterst\u00fctzung  [&#8230;]<\/p>\n","protected":false},"author":1,"featured_media":0,"comment_status":"closed","ping_status":"closed","sticky":false,"template":"","format":"standard","meta":{"footnotes":""},"categories":[43,16],"tags":[],"class_list":["post-3349","post","type-post","status-publish","format-standard","hentry","category-2018-fr","category-non-classifiee"],"_links":{"self":[{"href":"https:\/\/www.sages.ch\/fr\/wp-json\/wp\/v2\/posts\/3349","targetHints":{"allow":["GET"]}}],"collection":[{"href":"https:\/\/www.sages.ch\/fr\/wp-json\/wp\/v2\/posts"}],"about":[{"href":"https:\/\/www.sages.ch\/fr\/wp-json\/wp\/v2\/types\/post"}],"author":[{"embeddable":true,"href":"https:\/\/www.sages.ch\/fr\/wp-json\/wp\/v2\/users\/1"}],"replies":[{"embeddable":true,"href":"https:\/\/www.sages.ch\/fr\/wp-json\/wp\/v2\/comments?post=3349"}],"version-history":[{"count":4,"href":"https:\/\/www.sages.ch\/fr\/wp-json\/wp\/v2\/posts\/3349\/revisions"}],"predecessor-version":[{"id":3729,"href":"https:\/\/www.sages.ch\/fr\/wp-json\/wp\/v2\/posts\/3349\/revisions\/3729"}],"wp:attachment":[{"href":"https:\/\/www.sages.ch\/fr\/wp-json\/wp\/v2\/media?parent=3349"}],"wp:term":[{"taxonomy":"category","embeddable":true,"href":"https:\/\/www.sages.ch\/fr\/wp-json\/wp\/v2\/categories?post=3349"},{"taxonomy":"post_tag","embeddable":true,"href":"https:\/\/www.sages.ch\/fr\/wp-json\/wp\/v2\/tags?post=3349"}],"curies":[{"name":"wp","href":"https:\/\/api.w.org\/{rel}","templated":true}]}}