{"id":3400,"date":"2019-04-01T16:19:58","date_gmt":"2019-04-01T14:19:58","guid":{"rendered":"https:\/\/www.sages.ch\/?p=3400"},"modified":"2022-12-11T12:47:17","modified_gmt":"2022-12-11T11:47:17","slug":"zivildienstleistende-eine-ressource-fuer-pflegende-angehoerige-und-ihre-naechsten-zu-hause","status":"publish","type":"post","link":"https:\/\/www.sages.ch\/fr\/zivildienstleistende-eine-ressource-fuer-pflegende-angehoerige-und-ihre-naechsten-zu-hause\/","title":{"rendered":"Zivildienstleistende: Eine Ressource f\u00fcr pflegende Angeh\u00f6rige und ihre N\u00e4chsten zu Hause?"},"content":{"rendered":"<p>Die Careum Hochschule Gesundheit sondiert im Auftrag des Bundesamtes f\u00fcr Zivildienst, was pflegende Angeh\u00f6rige und ihre N\u00e4chsten zum Einsatz von Zivildienstleistenden (Zivis) im Privathaushalt denken. Hier k\u00f6nnten \u00abhelfende H\u00e4nde\u00bb der Zivis m\u00f6glicherweise eine Ressource sein, jedoch unter strikter Vorgabe der Arbeitsmarkt- und Wettbewerbsneutralit\u00e4t solcher Eins\u00e4tze.<\/p>\n<p>M\u00f6chten das Angeh\u00f6rige und ihre N\u00e4chsten \u00fcberhaupt? Eine Studie soll Antworten geben. Vom 30.4.-14.5.2019 ist die online Umfrage f\u00fcr Angeh\u00f6rige und ihre N\u00e4chsten offen.<\/p>\n<p><a href=\"http:\/\/www.careum.ch\/ageing\/zivi\" target=\"_blank\" rel=\"noopener noreferrer\">\u203a Webseite<\/a><\/p>\n","protected":false},"excerpt":{"rendered":"<p>Die Careum Hochschule Gesundheit sondiert im Auftrag des Bundesamtes f\u00fcr Zivildienst, was pflegende Angeh\u00f6rige und ihre N\u00e4chsten zum Einsatz von Zivildienstleistenden (Zivis) im Privathaushalt denken. Hier k\u00f6nnten \u00abhelfende H\u00e4nde\u00bb der Zivis m\u00f6glicherweise eine Ressource sein, jedoch unter strikter Vorgabe der  [&#8230;]<\/p>\n","protected":false},"author":1,"featured_media":0,"comment_status":"closed","ping_status":"closed","sticky":false,"template":"","format":"standard","meta":{"footnotes":""},"categories":[42,16],"tags":[],"class_list":["post-3400","post","type-post","status-publish","format-standard","hentry","category-2019-fr","category-non-classifiee"],"_links":{"self":[{"href":"https:\/\/www.sages.ch\/fr\/wp-json\/wp\/v2\/posts\/3400","targetHints":{"allow":["GET"]}}],"collection":[{"href":"https:\/\/www.sages.ch\/fr\/wp-json\/wp\/v2\/posts"}],"about":[{"href":"https:\/\/www.sages.ch\/fr\/wp-json\/wp\/v2\/types\/post"}],"author":[{"embeddable":true,"href":"https:\/\/www.sages.ch\/fr\/wp-json\/wp\/v2\/users\/1"}],"replies":[{"embeddable":true,"href":"https:\/\/www.sages.ch\/fr\/wp-json\/wp\/v2\/comments?post=3400"}],"version-history":[{"count":3,"href":"https:\/\/www.sages.ch\/fr\/wp-json\/wp\/v2\/posts\/3400\/revisions"}],"predecessor-version":[{"id":3718,"href":"https:\/\/www.sages.ch\/fr\/wp-json\/wp\/v2\/posts\/3400\/revisions\/3718"}],"wp:attachment":[{"href":"https:\/\/www.sages.ch\/fr\/wp-json\/wp\/v2\/media?parent=3400"}],"wp:term":[{"taxonomy":"category","embeddable":true,"href":"https:\/\/www.sages.ch\/fr\/wp-json\/wp\/v2\/categories?post=3400"},{"taxonomy":"post_tag","embeddable":true,"href":"https:\/\/www.sages.ch\/fr\/wp-json\/wp\/v2\/tags?post=3400"}],"curies":[{"name":"wp","href":"https:\/\/api.w.org\/{rel}","templated":true}]}}