{"id":3406,"date":"2019-04-03T16:21:51","date_gmt":"2019-04-03T14:21:51","guid":{"rendered":"https:\/\/www.sages.ch\/?p=3406"},"modified":"2022-12-11T12:47:16","modified_gmt":"2022-12-11T11:47:16","slug":"erfolgreiche-1-nationale-sages-tagung","status":"publish","type":"post","link":"https:\/\/www.sages.ch\/fr\/erfolgreiche-1-nationale-sages-tagung\/","title":{"rendered":"Erfolgreiche 1. Nationale sages-Tagung"},"content":{"rendered":"<p>Am 3. April 2019 fand an der Fachhochschule Nordwestschweiz in Olten die 1. Nationale sages-Tagung statt. Unter dem Titel \u00ab\u00a0Was ist die Soziale Arbeit wert? &#8211; Soziale Arbeit im Gesundheitswesen im Kontext der \u00d6konomisierung\u00a0\u00bb startete die Tagung mit einer kontroversen Podiumsdiskussion. An der Diskussion nahmen mit R\u00e9mi Guidon (SwissDRG AG), Prof. Dr. Martin Hafen (Hochschule Luzern), Dr. phil. Martin Ho\u0161ek (EQUAM Stiftung), Ruth Humbel (CVP Nationalr\u00e4tin), Roger M\u00e4der (FOSUMOS), Matthias M\u00fchlheim (Reha Rheinfelden) sowie Therese Straubhaar (Krebsliga Schweiz) spannende Pers\u00f6nlichkeiten aus dem Gesundheitswesen teil. Geleitet wurde das Podium von Eveline Kobler (Radio SRF). Nach der Keynote von Prof. Dr. Peter Sommerfeld (Hochschule f\u00fcr Soziale Arbeit FHNW) \u00fcber die\u00a0Wirkungen in der gesundheitsbezogenen Sozialen Arbeit,\u00a0fanden am Nachmittag die Workshops statt. Dort gab es spannende Diskussionen zur sozialen Ungleichheit in der Schweizer Gesundheitsversorgung,\u00a0zur Positionierung der Sozialen Arbeit, den berufsethischen Herausforderungen sowie zur Qualit\u00e4tsmessung von Sozialdiensten. Mit 166 Teilnehmerinnen und Teilnehmern war die Tagung ein voller Erfolg. Der Fachverband\u00a0bedankt sich bei allen Podiumsteilnehmerinnen und -teilnehmern sowie der\u00a0Moderatorin, den Referentinnen und Referenten sowie den Kooperationspartnern und Sponsoren f\u00fcr ihr Engagement und ihre Mitwirkung an der Tagung mit ein paar Impressionen:<\/p>\n<p><a href=\"https:\/\/www.sages.ch\/wp-content\/uploads\/2019\/04\/Aula-vor-der-Tagung.jpeg\" target=\"_blank\" rel=\"noopener noreferrer\">\u203a Aula vor dem Start zur Tagung<\/a><\/p>\n<p><a href=\"https:\/\/www.sages.ch\/wp-content\/uploads\/2019\/04\/Ansprache-Pr\u00e4sidium.jpeg\" target=\"_blank\" rel=\"noopener noreferrer\">\u203a Ansprache Pr\u00e4sidium<\/a><\/p>\n<p><a href=\"https:\/\/www.sages.ch\/wp-content\/uploads\/2019\/04\/Tagungsleitung.jpeg\" target=\"_blank\" rel=\"noopener noreferrer\">\u203a Tagungsleitung<\/a><\/p>\n<p><a href=\"https:\/\/www.sages.ch\/wp-content\/uploads\/2019\/04\/Aula-Besucher.jpeg\" target=\"_blank\" rel=\"noopener noreferrer\">\u203a Aula Besucher<\/a><\/p>\n<p><a href=\"https:\/\/www.sages.ch\/wp-content\/uploads\/2019\/04\/Aula-Besucher-2.jpeg\" target=\"_blank\" rel=\"noopener noreferrer\">\u203a Aula Besucher<\/a><\/p>\n<p><a href=\"https:\/\/www.sages.ch\/wp-content\/uploads\/2019\/04\/Podiumsdiskussion.jpeg\" target=\"_blank\" rel=\"noopener noreferrer\">\u203a Podiumsdiskussion<\/a><\/p>\n<p><a href=\"https:\/\/www.sages.ch\/wp-content\/uploads\/2019\/04\/Keynote.jpeg\" target=\"_blank\" rel=\"noopener noreferrer\">\u203a Keynote<\/a><\/p>\n<p><a href=\"https:\/\/www.sages.ch\/wp-content\/uploads\/2019\/04\/Workshop.jpeg\" target=\"_blank\" rel=\"noopener noreferrer\">\u203a Workshop<\/a><\/p>\n<p><a href=\"https:\/\/www.sages.ch\/wp-content\/uploads\/2019\/04\/Worshop-2.jpeg\" target=\"_blank\" rel=\"noopener noreferrer\">\u203a Workshop<\/a><\/p>\n","protected":false},"excerpt":{"rendered":"<p>Am 3. April 2019 fand an der Fachhochschule Nordwestschweiz in Olten die 1. Nationale sages-Tagung statt. Unter dem Titel \u00ab\u00a0Was ist die Soziale Arbeit wert? &#8211; Soziale Arbeit im Gesundheitswesen im Kontext der \u00d6konomisierung\u00a0\u00bb startete die Tagung mit einer kontroversen  [&#8230;]<\/p>\n","protected":false},"author":1,"featured_media":0,"comment_status":"closed","ping_status":"closed","sticky":false,"template":"","format":"standard","meta":{"footnotes":""},"categories":[42,16],"tags":[],"class_list":["post-3406","post","type-post","status-publish","format-standard","hentry","category-2019-fr","category-non-classifiee"],"_links":{"self":[{"href":"https:\/\/www.sages.ch\/fr\/wp-json\/wp\/v2\/posts\/3406","targetHints":{"allow":["GET"]}}],"collection":[{"href":"https:\/\/www.sages.ch\/fr\/wp-json\/wp\/v2\/posts"}],"about":[{"href":"https:\/\/www.sages.ch\/fr\/wp-json\/wp\/v2\/types\/post"}],"author":[{"embeddable":true,"href":"https:\/\/www.sages.ch\/fr\/wp-json\/wp\/v2\/users\/1"}],"replies":[{"embeddable":true,"href":"https:\/\/www.sages.ch\/fr\/wp-json\/wp\/v2\/comments?post=3406"}],"version-history":[{"count":6,"href":"https:\/\/www.sages.ch\/fr\/wp-json\/wp\/v2\/posts\/3406\/revisions"}],"predecessor-version":[{"id":3716,"href":"https:\/\/www.sages.ch\/fr\/wp-json\/wp\/v2\/posts\/3406\/revisions\/3716"}],"wp:attachment":[{"href":"https:\/\/www.sages.ch\/fr\/wp-json\/wp\/v2\/media?parent=3406"}],"wp:term":[{"taxonomy":"category","embeddable":true,"href":"https:\/\/www.sages.ch\/fr\/wp-json\/wp\/v2\/categories?post=3406"},{"taxonomy":"post_tag","embeddable":true,"href":"https:\/\/www.sages.ch\/fr\/wp-json\/wp\/v2\/tags?post=3406"}],"curies":[{"name":"wp","href":"https:\/\/api.w.org\/{rel}","templated":true}]}}