{"id":3762,"date":"2019-12-04T08:39:33","date_gmt":"2019-12-04T07:39:33","guid":{"rendered":"https:\/\/www.sages.ch\/?p=3762"},"modified":"2022-12-11T12:46:44","modified_gmt":"2022-12-11T11:46:44","slug":"kinder-und-behinderung-2017","status":"publish","type":"post","link":"https:\/\/www.sages.ch\/fr\/kinder-und-behinderung-2017\/","title":{"rendered":"Kinder und Behinderung 2017"},"content":{"rendered":"<div class=\"fusion-fullwidth fullwidth-box fusion-builder-row-1 nonhundred-percent-fullwidth non-hundred-percent-height-scrolling\" style=\"--awb-border-radius-top-left:0px;--awb-border-radius-top-right:0px;--awb-border-radius-bottom-right:0px;--awb-border-radius-bottom-left:0px;--awb-flex-wrap:wrap;\" ><div class=\"fusion-builder-row fusion-row\"><div class=\"fusion-layout-column fusion_builder_column fusion-builder-column-0 fusion_builder_column_1_1 1_1 fusion-one-full fusion-column-first fusion-column-last\" style=\"--awb-bg-size:cover;--awb-margin-bottom:0px;\"><div class=\"fusion-column-wrapper fusion-flex-column-wrapper-legacy\"><div class=\"fusion-text fusion-text-1\"><p><strong>5% der Kinder leben mit einer Behinderung, 1% ist stark eingeschr\u00e4nkt<\/strong><\/p>\n<p>In der Schweiz lebten 2017 rund 54 000 Kinder mit einer Behinderung. Jedes f\u00fcnfte dieser Kinder war in seiner F\u00e4higkeit beeintr\u00e4chtigt, so zu leben wie andere gleichaltrige Kinder. 6992 erhielten eine Hilflosenentsch\u00e4digung der IV und 1622 lebten w\u00e4hrend des ganzen oder eines Teils des Jahres in einer spezialisierten Institution. Anl\u00e4sslich des Internationalen Tages der Menschen mit Behinderungen am 3. Dezember ver\u00f6ffentlicht das BFS verschiedene Statistiken zum Thema Kinder und Behinderung.<\/p>\n<p><a href=\"https:\/\/www.bfs.admin.ch\/bfs\/de\/home\/aktuell\/neue-veroeffentlichungen.gnpdetail.2019-0220.html\" target=\"_blank\" rel=\"noopener noreferrer\">\u203a Webseite<\/a><\/p>\n<\/div><div class=\"fusion-clearfix\"><\/div><\/div><\/div><\/div><\/div>\n","protected":false},"excerpt":{"rendered":"","protected":false},"author":1,"featured_media":0,"comment_status":"closed","ping_status":"closed","sticky":false,"template":"","format":"standard","meta":{"footnotes":""},"categories":[42,16],"tags":[],"class_list":["post-3762","post","type-post","status-publish","format-standard","hentry","category-2019-fr","category-non-classifiee"],"_links":{"self":[{"href":"https:\/\/www.sages.ch\/fr\/wp-json\/wp\/v2\/posts\/3762","targetHints":{"allow":["GET"]}}],"collection":[{"href":"https:\/\/www.sages.ch\/fr\/wp-json\/wp\/v2\/posts"}],"about":[{"href":"https:\/\/www.sages.ch\/fr\/wp-json\/wp\/v2\/types\/post"}],"author":[{"embeddable":true,"href":"https:\/\/www.sages.ch\/fr\/wp-json\/wp\/v2\/users\/1"}],"replies":[{"embeddable":true,"href":"https:\/\/www.sages.ch\/fr\/wp-json\/wp\/v2\/comments?post=3762"}],"version-history":[{"count":2,"href":"https:\/\/www.sages.ch\/fr\/wp-json\/wp\/v2\/posts\/3762\/revisions"}],"predecessor-version":[{"id":3765,"href":"https:\/\/www.sages.ch\/fr\/wp-json\/wp\/v2\/posts\/3762\/revisions\/3765"}],"wp:attachment":[{"href":"https:\/\/www.sages.ch\/fr\/wp-json\/wp\/v2\/media?parent=3762"}],"wp:term":[{"taxonomy":"category","embeddable":true,"href":"https:\/\/www.sages.ch\/fr\/wp-json\/wp\/v2\/categories?post=3762"},{"taxonomy":"post_tag","embeddable":true,"href":"https:\/\/www.sages.ch\/fr\/wp-json\/wp\/v2\/tags?post=3762"}],"curies":[{"name":"wp","href":"https:\/\/api.w.org\/{rel}","templated":true}]}}