{"id":3771,"date":"2019-12-04T11:35:43","date_gmt":"2019-12-04T10:35:43","guid":{"rendered":"https:\/\/www.sages.ch\/?p=3771"},"modified":"2022-12-11T12:46:43","modified_gmt":"2022-12-11T11:46:43","slug":"sages-webseite-uebersetzung-und-neuer-mitgliederbereich","status":"publish","type":"post","link":"https:\/\/www.sages.ch\/fr\/sages-webseite-uebersetzung-und-neuer-mitgliederbereich\/","title":{"rendered":"sages-Webseite: \u00dcbersetzung und neuer Mitgliederbereich"},"content":{"rendered":"<div class=\"fusion-fullwidth fullwidth-box fusion-builder-row-1 nonhundred-percent-fullwidth non-hundred-percent-height-scrolling\" style=\"--awb-border-radius-top-left:0px;--awb-border-radius-top-right:0px;--awb-border-radius-bottom-right:0px;--awb-border-radius-bottom-left:0px;--awb-flex-wrap:wrap;\" ><div class=\"fusion-builder-row fusion-row\"><div class=\"fusion-layout-column fusion_builder_column fusion-builder-column-0 fusion_builder_column_1_1 1_1 fusion-one-full fusion-column-first fusion-column-last\" style=\"--awb-bg-size:cover;--awb-margin-bottom:0px;\"><div class=\"fusion-column-wrapper fusion-flex-column-wrapper-legacy\"><div class=\"fusion-text fusion-text-1\"><p>Wir haben die zentralen Elemente und Dokumente unserer Webseite ins Franz\u00f6sische \u00fcbersetzt. Damit m\u00f6chten wir die Sozialarbeiterinnen und Sozialarbeiter im Gesundheitswesen der franz\u00f6sischsprachigen Schweiz erreichen und ihnen erm\u00f6glichen, in unserem Fachverband mitzuarbeiten.<br \/>\nEinige Bereiche der Webseite sind aktuell nur auf Deutsch abrufbar. Wir werden uns aber bem\u00fchen, in Zukunft vermehrt auf die Zweisprachigkeit zu setzen und mit der Zeit alle Informationen in beiden Sprachen zur Verf\u00fcgung zu stellen.<\/p>\n<p>Neben der \u00f6ffentlichen Hauptseite wurde auch der passwortgesch\u00fctzte Mitgliederbereich komplett \u00fcberarbeitet und ausgebaut.\u00a0Neu sind Diskussions-Foren in den Mitgliederbereich integriert worden. Wir m\u00f6chten damit unseren Mitgliedern die Vernetzung und Kommunikation untereinander vereinfachen und diese intensivieren.<\/p>\n<\/div><div class=\"fusion-clearfix\"><\/div><\/div><\/div><\/div><\/div>\n","protected":false},"excerpt":{"rendered":"","protected":false},"author":1,"featured_media":0,"comment_status":"closed","ping_status":"closed","sticky":false,"template":"","format":"standard","meta":{"footnotes":""},"categories":[42],"tags":[],"class_list":["post-3771","post","type-post","status-publish","format-standard","hentry","category-2019-fr"],"_links":{"self":[{"href":"https:\/\/www.sages.ch\/fr\/wp-json\/wp\/v2\/posts\/3771","targetHints":{"allow":["GET"]}}],"collection":[{"href":"https:\/\/www.sages.ch\/fr\/wp-json\/wp\/v2\/posts"}],"about":[{"href":"https:\/\/www.sages.ch\/fr\/wp-json\/wp\/v2\/types\/post"}],"author":[{"embeddable":true,"href":"https:\/\/www.sages.ch\/fr\/wp-json\/wp\/v2\/users\/1"}],"replies":[{"embeddable":true,"href":"https:\/\/www.sages.ch\/fr\/wp-json\/wp\/v2\/comments?post=3771"}],"version-history":[{"count":3,"href":"https:\/\/www.sages.ch\/fr\/wp-json\/wp\/v2\/posts\/3771\/revisions"}],"predecessor-version":[{"id":3775,"href":"https:\/\/www.sages.ch\/fr\/wp-json\/wp\/v2\/posts\/3771\/revisions\/3775"}],"wp:attachment":[{"href":"https:\/\/www.sages.ch\/fr\/wp-json\/wp\/v2\/media?parent=3771"}],"wp:term":[{"taxonomy":"category","embeddable":true,"href":"https:\/\/www.sages.ch\/fr\/wp-json\/wp\/v2\/categories?post=3771"},{"taxonomy":"post_tag","embeddable":true,"href":"https:\/\/www.sages.ch\/fr\/wp-json\/wp\/v2\/tags?post=3771"}],"curies":[{"name":"wp","href":"https:\/\/api.w.org\/{rel}","templated":true}]}}