{"id":3907,"date":"2020-01-22T14:00:53","date_gmt":"2020-01-22T13:00:53","guid":{"rendered":"https:\/\/www.sages.ch\/?p=3907"},"modified":"2022-12-11T12:46:17","modified_gmt":"2022-12-11T11:46:17","slug":"innosuisse-unterstuetzt-projekt-des-neuen-fachbereichs-soziale-arbeit-in-der-arztpraxis","status":"publish","type":"post","link":"https:\/\/www.sages.ch\/fr\/innosuisse-unterstuetzt-projekt-des-neuen-fachbereichs-soziale-arbeit-in-der-arztpraxis\/","title":{"rendered":"Innosuisse unterst\u00fctzt Projekt des neuen Fachbereichs \u00abSoziale Arbeit in der Arztpraxis\u00bb"},"content":{"rendered":"<p>Die Forschung \u00fcber gesundheitliche Ungleichheit zeigt deutlich: Soziale und finanzielle Faktoren geh\u00f6ren zu den gr\u00f6ssten Determinanten von Gesundheit. Mit \u00e4usserlich medizinischen Anliegen und verborgenen finanziellen, sozialen oder pers\u00f6nlichen Krisen ist die Haus\u00e4rztin\/der Hausarzt oft die erste Ansprechperson. Als Vertrauensperson verf\u00fcgt sie \u00fcber die einmalige Chance, biopsychosoziale Problemlagen fr\u00fch zu erkennen und professionelle Hilfe anzubieten. Eine Sozialarbeiterin oder ein Sozialarbeiter in der Arztpraxis erm\u00f6glicht eine einfache und zuverl\u00e4ssige \u00dcberweisung, bedarfsgerechte Unterst\u00fctzung und die Verhinderung von gesundheitlich-sozialen Abw\u00e4rtsspiralen.<\/p>\n<p>W\u00e4hrend anderorts schon Sozialarbeitende in Arztpraxen t\u00e4tig sind, fehlt dieses Angebot in der Schweiz weitgehend. Damit das Modell auch in der Schweiz erforscht wird und Verbreitung finden kann, lancierte die BFH ein Innovationsprojekt mit Pilotpraxen, das nun von Innosuisse unterst\u00fctzt wird.<\/p>\n<p><a href=\"https:\/\/www.bag.admin.ch\/bag\/de\/home\/strategie-und-politik\/nationale-gesundheitspolitik\/foerderprogramme-der-fachkraefteinitiative-plus\/foerderprogramme-interprofessionalitaet\/projektverzeichnis-modelle-guter-praxis.exturl.html\/aHR0cHM6Ly9pbnRlcnByb2YuYmFnYXBwcy5jaC9wb3J0YWxfZG\/UucGhwP2xhbmc9ZGUmaWQ9NzgmY3E9X19fMTZfX19f.html\" target=\"_blank\" rel=\"noopener noreferrer\">\u203a Bundesamt f\u00fcr Gesundheit, Verzeichnis Modelle guter Praxis \u2013 Interprofessionalit\u00e4t (Soziale Arbeit in der Arztpraxis)<\/a><\/p>\n","protected":false},"excerpt":{"rendered":"<p>Die Forschung \u00fcber gesundheitliche Ungleichheit zeigt deutlich: Soziale und finanzielle Faktoren geh\u00f6ren zu den gr\u00f6ssten Determinanten von Gesundheit. Mit \u00e4usserlich medizinischen Anliegen und verborgenen finanziellen, sozialen oder pers\u00f6nlichen Krisen ist die Haus\u00e4rztin\/der Hausarzt oft die erste Ansprechperson. Als Vertrauensperson verf\u00fcgt  [&#8230;]<\/p>\n","protected":false},"author":1,"featured_media":0,"comment_status":"closed","ping_status":"closed","sticky":false,"template":"","format":"standard","meta":{"footnotes":""},"categories":[41,16],"tags":[],"class_list":["post-3907","post","type-post","status-publish","format-standard","hentry","category-2020-fr","category-non-classifiee"],"_links":{"self":[{"href":"https:\/\/www.sages.ch\/fr\/wp-json\/wp\/v2\/posts\/3907","targetHints":{"allow":["GET"]}}],"collection":[{"href":"https:\/\/www.sages.ch\/fr\/wp-json\/wp\/v2\/posts"}],"about":[{"href":"https:\/\/www.sages.ch\/fr\/wp-json\/wp\/v2\/types\/post"}],"author":[{"embeddable":true,"href":"https:\/\/www.sages.ch\/fr\/wp-json\/wp\/v2\/users\/1"}],"replies":[{"embeddable":true,"href":"https:\/\/www.sages.ch\/fr\/wp-json\/wp\/v2\/comments?post=3907"}],"version-history":[{"count":1,"href":"https:\/\/www.sages.ch\/fr\/wp-json\/wp\/v2\/posts\/3907\/revisions"}],"predecessor-version":[{"id":3909,"href":"https:\/\/www.sages.ch\/fr\/wp-json\/wp\/v2\/posts\/3907\/revisions\/3909"}],"wp:attachment":[{"href":"https:\/\/www.sages.ch\/fr\/wp-json\/wp\/v2\/media?parent=3907"}],"wp:term":[{"taxonomy":"category","embeddable":true,"href":"https:\/\/www.sages.ch\/fr\/wp-json\/wp\/v2\/categories?post=3907"},{"taxonomy":"post_tag","embeddable":true,"href":"https:\/\/www.sages.ch\/fr\/wp-json\/wp\/v2\/tags?post=3907"}],"curies":[{"name":"wp","href":"https:\/\/api.w.org\/{rel}","templated":true}]}}