{"id":3942,"date":"2020-01-29T08:00:49","date_gmt":"2020-01-29T07:00:49","guid":{"rendered":"https:\/\/www.sages.ch\/?p=3942"},"modified":"2022-12-11T12:46:16","modified_gmt":"2022-12-11T11:46:16","slug":"jugendliche-sollen-bei-ihrer-behandlung-mitreden","status":"publish","type":"post","link":"https:\/\/www.sages.ch\/fr\/jugendliche-sollen-bei-ihrer-behandlung-mitreden\/","title":{"rendered":"Jugendliche sollen bei ihrer Behandlung mitreden"},"content":{"rendered":"<p>Wenn Kinder und Jugendliche schwer erkranken \u2013 was d\u00fcrfen sie selber entscheiden? Spectra, das Fachmagazin des BAG, widmet sich dieser Frage. Neu erg\u00e4nzen Podcasts die bisherigen Print- und Online-Kan\u00e4le.<\/p>\n<p>In den ersten beiden Podcast-Folgen von spectra kommen junge, von einer Krankheit betroffene Menschen zu Wort. Weshalb ist ihr Einbezug in die Gesundheitsversorgung wichtig?<\/p>\n<p><a href=\"https:\/\/www.bag.admin.ch\/bag\/de\/home\/das-bag\/aktuell\/news\/news-21-01-2020.html\" target=\"_blank\" rel=\"noopener noreferrer\">\u203a Zur Webseite<\/a><\/p>\n","protected":false},"excerpt":{"rendered":"<p>Wenn Kinder und Jugendliche schwer erkranken \u2013 was d\u00fcrfen sie selber entscheiden? Spectra, das Fachmagazin des BAG, widmet sich dieser Frage. Neu erg\u00e4nzen Podcasts die bisherigen Print- und Online-Kan\u00e4le. In den ersten beiden Podcast-Folgen von spectra kommen junge, von einer  [&#8230;]<\/p>\n","protected":false},"author":1,"featured_media":0,"comment_status":"closed","ping_status":"closed","sticky":false,"template":"","format":"standard","meta":{"footnotes":""},"categories":[41,16],"tags":[],"class_list":["post-3942","post","type-post","status-publish","format-standard","hentry","category-2020-fr","category-non-classifiee"],"_links":{"self":[{"href":"https:\/\/www.sages.ch\/fr\/wp-json\/wp\/v2\/posts\/3942","targetHints":{"allow":["GET"]}}],"collection":[{"href":"https:\/\/www.sages.ch\/fr\/wp-json\/wp\/v2\/posts"}],"about":[{"href":"https:\/\/www.sages.ch\/fr\/wp-json\/wp\/v2\/types\/post"}],"author":[{"embeddable":true,"href":"https:\/\/www.sages.ch\/fr\/wp-json\/wp\/v2\/users\/1"}],"replies":[{"embeddable":true,"href":"https:\/\/www.sages.ch\/fr\/wp-json\/wp\/v2\/comments?post=3942"}],"version-history":[{"count":1,"href":"https:\/\/www.sages.ch\/fr\/wp-json\/wp\/v2\/posts\/3942\/revisions"}],"predecessor-version":[{"id":3944,"href":"https:\/\/www.sages.ch\/fr\/wp-json\/wp\/v2\/posts\/3942\/revisions\/3944"}],"wp:attachment":[{"href":"https:\/\/www.sages.ch\/fr\/wp-json\/wp\/v2\/media?parent=3942"}],"wp:term":[{"taxonomy":"category","embeddable":true,"href":"https:\/\/www.sages.ch\/fr\/wp-json\/wp\/v2\/categories?post=3942"},{"taxonomy":"post_tag","embeddable":true,"href":"https:\/\/www.sages.ch\/fr\/wp-json\/wp\/v2\/tags?post=3942"}],"curies":[{"name":"wp","href":"https:\/\/api.w.org\/{rel}","templated":true}]}}