{"id":4299,"date":"2020-05-15T16:21:04","date_gmt":"2020-05-15T14:21:04","guid":{"rendered":"https:\/\/www.sages.ch\/?p=4299"},"modified":"2022-12-11T12:45:13","modified_gmt":"2022-12-11T11:45:13","slug":"zwei-neue-gesichter-im-sages-vorstand","status":"publish","type":"post","link":"https:\/\/www.sages.ch\/fr\/zwei-neue-gesichter-im-sages-vorstand\/","title":{"rendered":"Zwei neue Gesichter im SAGES-Vorstand"},"content":{"rendered":"<p>Der Fachverband freut sich sehr, 2 neue Vorstandsmitglieder in den eigenen Reihen begr\u00fcssen zu d\u00fcrfen. Sie vertreten den neu in den Fachverband integrierten Fachbereich \u00abSoziale Arbeit in der Arztpraxis\u00bb.\u00a0Es sind dies:<\/p>\n<p>Monika von Burg: Sie hat als gelernte Buchh\u00e4ndlerin ein paar Jahre in diversen Buchhandlungen gearbeitet, bevor sie das Studium der Sozialen Arbeit an der FHNW in Olten absolvierte.<br \/>\nAnschliessend arbeitete sie acht Jahre in der UPD Bern im ambulanten und teilstation\u00e4ren Bereich, bevor sie vor f\u00fcnf Jahren in die ambulante Praxist\u00e4tigkeit ins ZFPP nach Biel wechselte. Die Anliegen an die Soziale Arbeit liegen in vielen Fachgebieten, weswegen ein generalistisches professionelles Wissen gefragt ist. Monika von Burg hat sich in der Auseinandersetzung mit Lebenserz\u00e4hlungen und Lebensgeschichten mittels eines CAS an der Universit\u00e4t Fribourg weitergebildet und das SVEB 1 als Kursleiterin in der Erwachsenenbildung absolviert. Sie lebt mit ihrem Partner und zwei Kindern in Biel.<\/p>\n<p>Ren\u00e9 R\u00fcegg: Er arbeitet seit 2016 als wissenschaftlicher Mitarbeiter an der Berner Fachhochschule BFH. Davor studierte er Soziale Arbeit in Olten sowie Soziologie und Ethnologie in Z\u00fcrich. An der BFH arbeitet er in Projekten an der Schnittstelle zwischen Sozialer Arbeit und Gesundheit sowie Projekten \u00fcber die Qualit\u00e4t sozialer Dienstleistungen. Seit 2017 doktoriert er zum Thema Gesundheitskompetenz an der Universit\u00e4t Bern. Er lebt mit seiner Partnerin und zwei Kindern in Windisch.<\/p>\n<p>Der Vorstand freut sich sehr auf die Zusammenarbeit und w\u00fcnscht den beiden einen guten Start.<br \/>\nMonika von Burg und Ren\u00e9 R\u00fcegg m\u00fcssen an der Mitgliederversammlung vom 07.09.2020 noch durch die Mitgliederversammlung in ihrem Amt best\u00e4tigt werden.<\/p>\n","protected":false},"excerpt":{"rendered":"<p>Der Fachverband freut sich sehr, 2 neue Vorstandsmitglieder in den eigenen Reihen begr\u00fcssen zu d\u00fcrfen. Sie vertreten den neu in den Fachverband integrierten Fachbereich \u00abSoziale Arbeit in der Arztpraxis\u00bb.\u00a0Es sind dies: Monika von Burg: Sie hat als gelernte Buchh\u00e4ndlerin ein  [&#8230;]<\/p>\n","protected":false},"author":1,"featured_media":0,"comment_status":"closed","ping_status":"closed","sticky":false,"template":"","format":"standard","meta":{"footnotes":""},"categories":[41,16],"tags":[],"class_list":["post-4299","post","type-post","status-publish","format-standard","hentry","category-2020-fr","category-non-classifiee"],"_links":{"self":[{"href":"https:\/\/www.sages.ch\/fr\/wp-json\/wp\/v2\/posts\/4299","targetHints":{"allow":["GET"]}}],"collection":[{"href":"https:\/\/www.sages.ch\/fr\/wp-json\/wp\/v2\/posts"}],"about":[{"href":"https:\/\/www.sages.ch\/fr\/wp-json\/wp\/v2\/types\/post"}],"author":[{"embeddable":true,"href":"https:\/\/www.sages.ch\/fr\/wp-json\/wp\/v2\/users\/1"}],"replies":[{"embeddable":true,"href":"https:\/\/www.sages.ch\/fr\/wp-json\/wp\/v2\/comments?post=4299"}],"version-history":[{"count":1,"href":"https:\/\/www.sages.ch\/fr\/wp-json\/wp\/v2\/posts\/4299\/revisions"}],"predecessor-version":[{"id":4302,"href":"https:\/\/www.sages.ch\/fr\/wp-json\/wp\/v2\/posts\/4299\/revisions\/4302"}],"wp:attachment":[{"href":"https:\/\/www.sages.ch\/fr\/wp-json\/wp\/v2\/media?parent=4299"}],"wp:term":[{"taxonomy":"category","embeddable":true,"href":"https:\/\/www.sages.ch\/fr\/wp-json\/wp\/v2\/categories?post=4299"},{"taxonomy":"post_tag","embeddable":true,"href":"https:\/\/www.sages.ch\/fr\/wp-json\/wp\/v2\/tags?post=4299"}],"curies":[{"name":"wp","href":"https:\/\/api.w.org\/{rel}","templated":true}]}}