{"id":4351,"date":"2020-05-20T14:18:13","date_gmt":"2020-05-20T12:18:13","guid":{"rendered":"https:\/\/www.sages.ch\/?p=4351"},"modified":"2022-12-11T12:45:11","modified_gmt":"2022-12-11T11:45:11","slug":"kostendaempfung-im-gesundheitswesen-bundesrat-fuer-die-einfuehrung-einer-zielvorgabe","status":"publish","type":"post","link":"https:\/\/www.sages.ch\/fr\/kostendaempfung-im-gesundheitswesen-bundesrat-fuer-die-einfuehrung-einer-zielvorgabe\/","title":{"rendered":"Kostend\u00e4mpfung im Gesundheitswesen: Bundesrat f\u00fcr die Einf\u00fchrung einer Zielvorgabe"},"content":{"rendered":"<p>Der Bundesrat teilt grunds\u00e4tzlich das Anliegen der Volksinitiative \u00abF\u00fcr tiefere Pr\u00e4mien \u2013 Kostenbremse im Gesundheitswesen (Kostenbremse-Initiative)\u00bb der Christlich-Demokratischen Volkspartei (CVP), das Kostenwachstum im Gesundheitswesen zu begrenzen. Der von der Initiative vorgeschlagene Mechanismus ist aber zu starr, deshalb lehnt er die Initiative ab. Dies hat er an seiner Sitzung vom 20. Mai 2020 entschieden. Als indirekten Gegenvorschlag beschliesst der Bundesrat die Einf\u00fchrung einer Zielvorgabe f\u00fcr die Kostenentwicklung in der obligatorischen Krankenpflegeversicherung (OKP). Diese Massnahme ist Teil des laufenden Kostend\u00e4mpfungsprogramms.<\/p>\n<p><a href=\"https:\/\/www.bag.admin.ch\/bag\/de\/home\/das-bag\/aktuell\/medienmitteilungen.msg-id-79181.html\" target=\"_blank\" rel=\"noopener noreferrer\">\u203a Medienmitteilung BAG<\/a><\/p>\n","protected":false},"excerpt":{"rendered":"<p>Der Bundesrat teilt grunds\u00e4tzlich das Anliegen der Volksinitiative \u00abF\u00fcr tiefere Pr\u00e4mien \u2013 Kostenbremse im Gesundheitswesen (Kostenbremse-Initiative)\u00bb der Christlich-Demokratischen Volkspartei (CVP), das Kostenwachstum im Gesundheitswesen zu begrenzen. Der von der Initiative vorgeschlagene Mechanismus ist aber zu starr, deshalb lehnt er die  [&#8230;]<\/p>\n","protected":false},"author":1,"featured_media":0,"comment_status":"closed","ping_status":"closed","sticky":false,"template":"","format":"standard","meta":{"footnotes":""},"categories":[41,16],"tags":[],"class_list":["post-4351","post","type-post","status-publish","format-standard","hentry","category-2020-fr","category-non-classifiee"],"_links":{"self":[{"href":"https:\/\/www.sages.ch\/fr\/wp-json\/wp\/v2\/posts\/4351","targetHints":{"allow":["GET"]}}],"collection":[{"href":"https:\/\/www.sages.ch\/fr\/wp-json\/wp\/v2\/posts"}],"about":[{"href":"https:\/\/www.sages.ch\/fr\/wp-json\/wp\/v2\/types\/post"}],"author":[{"embeddable":true,"href":"https:\/\/www.sages.ch\/fr\/wp-json\/wp\/v2\/users\/1"}],"replies":[{"embeddable":true,"href":"https:\/\/www.sages.ch\/fr\/wp-json\/wp\/v2\/comments?post=4351"}],"version-history":[{"count":1,"href":"https:\/\/www.sages.ch\/fr\/wp-json\/wp\/v2\/posts\/4351\/revisions"}],"predecessor-version":[{"id":4353,"href":"https:\/\/www.sages.ch\/fr\/wp-json\/wp\/v2\/posts\/4351\/revisions\/4353"}],"wp:attachment":[{"href":"https:\/\/www.sages.ch\/fr\/wp-json\/wp\/v2\/media?parent=4351"}],"wp:term":[{"taxonomy":"category","embeddable":true,"href":"https:\/\/www.sages.ch\/fr\/wp-json\/wp\/v2\/categories?post=4351"},{"taxonomy":"post_tag","embeddable":true,"href":"https:\/\/www.sages.ch\/fr\/wp-json\/wp\/v2\/tags?post=4351"}],"curies":[{"name":"wp","href":"https:\/\/api.w.org\/{rel}","templated":true}]}}