{"id":4388,"date":"2020-06-17T16:19:35","date_gmt":"2020-06-17T14:19:35","guid":{"rendered":"https:\/\/www.sages.ch\/?p=4388"},"modified":"2022-12-11T12:45:08","modified_gmt":"2022-12-11T11:45:08","slug":"chancengleichheit-in-der-gesundheitsfoerderung-und-praevention","status":"publish","type":"post","link":"https:\/\/www.sages.ch\/fr\/chancengleichheit-in-der-gesundheitsfoerderung-und-praevention\/","title":{"rendered":"Chancengleichheit in der Gesundheitsf\u00f6rderung und Pr\u00e4vention"},"content":{"rendered":"<p>Auch w\u00e4hrend der Covid-19-Pandemie ist zu beobachten, was im Gesundheitsbereich seit langem beschrieben wird: Menschen sind \u2013 je nach Geschlecht, Herkunft, Bildung und Einkommen \u2013 unterschiedlich stark von Krankheiten und ihren Auswirkungen betroffen. Die Verteilung von Gesundheit und Krankheit folgt generell einem klaren sozialen Muster: Wer sozial benachteiligt ist, leidet h\u00e4ufiger unter schlechter Gesundheit und hat eine tiefere Lebenserwartung als gesellschaftlich privilegierte Personen. Chancengleichheit ist deshalb ein wichtiges Ziel der Gesundheitspolitik. In der Praxis ist dieses Ziel aber noch nicht verwirklicht.<\/p>\n<p>Gesundheitsf\u00f6rderung Schweiz, das BAG und die GDK haben daher gemeinsam neue Grundlagen zur Chancengleichheit in der Gesundheitsf\u00f6rderung und Pr\u00e4vention ver\u00f6ffentlicht. Mit aktuellen theoretischen Erl\u00e4uterungen, Begriffskl\u00e4rungen und zahlreichen Praxisempfehlungen soll ein umfassender Grundlagenbericht samt Kurzversion f\u00fcr die Praxis ein gemeinsames Verst\u00e4ndnis der Problemlage und nachhaltige L\u00f6sungen f\u00f6rdern.<\/p>\n<p><a href=\"https:\/\/www.sages.ch\/wp-content\/uploads\/2020\/06\/Chancengleichheit-in-der-Gesundheitsf\u00f6rderung-und-Pr\u00e4vention-in-der-Schweiz-f.pdf\" target=\"_blank\" rel=\"noopener noreferrer\">\u203a Umfassender Grundlagenbericht<\/a><\/p>\n<p><a href=\"https:\/\/www.sages.ch\/wp-content\/uploads\/2020\/06\/Chancengleichheit-in-der-Gesundheitsf\u00f6rderung-und-Pr\u00e4vention-in-der-Schweiz-f-Kurzf..pdf\" target=\"_blank\" rel=\"noopener noreferrer\">\u203a Kurzversion f\u00fcr die Praxis<\/a><\/p>\n","protected":false},"excerpt":{"rendered":"<p>Auch w\u00e4hrend der Covid-19-Pandemie ist zu beobachten, was im Gesundheitsbereich seit langem beschrieben wird: Menschen sind \u2013 je nach Geschlecht, Herkunft, Bildung und Einkommen \u2013 unterschiedlich stark von Krankheiten und ihren Auswirkungen betroffen. Die Verteilung von Gesundheit und Krankheit folgt  [&#8230;]<\/p>\n","protected":false},"author":1,"featured_media":0,"comment_status":"closed","ping_status":"closed","sticky":false,"template":"","format":"standard","meta":{"footnotes":""},"categories":[41,16],"tags":[],"class_list":["post-4388","post","type-post","status-publish","format-standard","hentry","category-2020-fr","category-non-classifiee"],"_links":{"self":[{"href":"https:\/\/www.sages.ch\/fr\/wp-json\/wp\/v2\/posts\/4388","targetHints":{"allow":["GET"]}}],"collection":[{"href":"https:\/\/www.sages.ch\/fr\/wp-json\/wp\/v2\/posts"}],"about":[{"href":"https:\/\/www.sages.ch\/fr\/wp-json\/wp\/v2\/types\/post"}],"author":[{"embeddable":true,"href":"https:\/\/www.sages.ch\/fr\/wp-json\/wp\/v2\/users\/1"}],"replies":[{"embeddable":true,"href":"https:\/\/www.sages.ch\/fr\/wp-json\/wp\/v2\/comments?post=4388"}],"version-history":[{"count":3,"href":"https:\/\/www.sages.ch\/fr\/wp-json\/wp\/v2\/posts\/4388\/revisions"}],"predecessor-version":[{"id":4402,"href":"https:\/\/www.sages.ch\/fr\/wp-json\/wp\/v2\/posts\/4388\/revisions\/4402"}],"wp:attachment":[{"href":"https:\/\/www.sages.ch\/fr\/wp-json\/wp\/v2\/media?parent=4388"}],"wp:term":[{"taxonomy":"category","embeddable":true,"href":"https:\/\/www.sages.ch\/fr\/wp-json\/wp\/v2\/categories?post=4388"},{"taxonomy":"post_tag","embeddable":true,"href":"https:\/\/www.sages.ch\/fr\/wp-json\/wp\/v2\/tags?post=4388"}],"curies":[{"name":"wp","href":"https:\/\/api.w.org\/{rel}","templated":true}]}}