{"id":4407,"date":"2020-06-17T08:00:57","date_gmt":"2020-06-17T06:00:57","guid":{"rendered":"https:\/\/www.sages.ch\/?p=4407"},"modified":"2022-12-11T12:45:09","modified_gmt":"2022-12-11T11:45:09","slug":"interview-mit-dr-ursula-koch-neue-fmc-praesidentin","status":"publish","type":"post","link":"https:\/\/www.sages.ch\/fr\/interview-mit-dr-ursula-koch-neue-fmc-praesidentin\/","title":{"rendered":"Interview mit Dr. Ursula Koch \u2013 neue fmc Pr\u00e4sidentin"},"content":{"rendered":"<p>An der fmc Mitgliederversammlung vom 08. Juni wurde Frau Dr. Ursula Koch als neue Pr\u00e4sidentin gew\u00e4hlt. Zusammen mit dem Vorstand und dem strategischen Beirat soll das fmc fortgef\u00fchrt, weiterentwickelt und damit ein Beitrag zur F\u00f6rderung der Integrierten Versorgung geleistet werden. Im Interview verr\u00e4t die neue fmc Pr\u00e4sidentin, dass ein ganzheitliches Versta\u0308ndnis von Gesundheit, welches nicht nur die medizinischen Parameter betrachtet, sondern auch die psychischen und sozialen Aspekte beru\u0308cksichtigt, wu\u0308nschenswert wa\u0308re.<\/p>\n<p><a href=\"https:\/\/www.fmc.ch\/de\/aktuelles\/aktuelles\/dr-ursula-koch-neue-fmc-praesidentin\" target=\"_blank\" rel=\"noopener noreferrer\">\u203a Zum Interview<\/a><\/p>\n","protected":false},"excerpt":{"rendered":"<p>An der fmc Mitgliederversammlung vom 08. Juni wurde Frau Dr. Ursula Koch als neue Pr\u00e4sidentin gew\u00e4hlt. Zusammen mit dem Vorstand und dem strategischen Beirat soll das fmc fortgef\u00fchrt, weiterentwickelt und damit ein Beitrag zur F\u00f6rderung der Integrierten Versorgung geleistet werden.  [&#8230;]<\/p>\n","protected":false},"author":1,"featured_media":0,"comment_status":"closed","ping_status":"closed","sticky":false,"template":"","format":"standard","meta":{"footnotes":""},"categories":[41,16],"tags":[],"class_list":["post-4407","post","type-post","status-publish","format-standard","hentry","category-2020-fr","category-non-classifiee"],"_links":{"self":[{"href":"https:\/\/www.sages.ch\/fr\/wp-json\/wp\/v2\/posts\/4407","targetHints":{"allow":["GET"]}}],"collection":[{"href":"https:\/\/www.sages.ch\/fr\/wp-json\/wp\/v2\/posts"}],"about":[{"href":"https:\/\/www.sages.ch\/fr\/wp-json\/wp\/v2\/types\/post"}],"author":[{"embeddable":true,"href":"https:\/\/www.sages.ch\/fr\/wp-json\/wp\/v2\/users\/1"}],"replies":[{"embeddable":true,"href":"https:\/\/www.sages.ch\/fr\/wp-json\/wp\/v2\/comments?post=4407"}],"version-history":[{"count":1,"href":"https:\/\/www.sages.ch\/fr\/wp-json\/wp\/v2\/posts\/4407\/revisions"}],"predecessor-version":[{"id":4410,"href":"https:\/\/www.sages.ch\/fr\/wp-json\/wp\/v2\/posts\/4407\/revisions\/4410"}],"wp:attachment":[{"href":"https:\/\/www.sages.ch\/fr\/wp-json\/wp\/v2\/media?parent=4407"}],"wp:term":[{"taxonomy":"category","embeddable":true,"href":"https:\/\/www.sages.ch\/fr\/wp-json\/wp\/v2\/categories?post=4407"},{"taxonomy":"post_tag","embeddable":true,"href":"https:\/\/www.sages.ch\/fr\/wp-json\/wp\/v2\/tags?post=4407"}],"curies":[{"name":"wp","href":"https:\/\/api.w.org\/{rel}","templated":true}]}}