{"id":4807,"date":"2021-02-17T16:35:59","date_gmt":"2021-02-17T15:35:59","guid":{"rendered":"https:\/\/www.sages.ch\/?p=4807"},"modified":"2022-12-11T12:43:15","modified_gmt":"2022-12-11T11:43:15","slug":"kooperative-prozessgestaltung-in-der-sozialen-arbeit-ein-methodenintegratives-lehrbuch","status":"publish","type":"post","link":"https:\/\/www.sages.ch\/fr\/kooperative-prozessgestaltung-in-der-sozialen-arbeit-ein-methodenintegratives-lehrbuch\/","title":{"rendered":"Kooperative Prozessgestaltung in der Sozialen Arbeit &#8211; ein methodenintegratives Lehrbuch"},"content":{"rendered":"<p>Demn\u00e4chst erscheint die neue, deutlich erweiterte Auflage des Klassikers \u00abKooperative Prozessgestaltung\u00bb.<\/p>\n<p>Das Lehrbuch hat zum Ziel, sowohl den Theorie-Praxis-Transfer als auch eine generalisierbare Systematik in der Prozessgestaltung mit Klienten zu f\u00f6rdern und richtet sich explizit auch an die Praxis der (Klinischen) Sozialarbeit.<br \/>\nIm ersten Teil des Lehrbuches werden die professionstheoretischen Grundlagen dargestellt. Vor dieser Hintergrundfolie wird im zweiten Teil das Prozessmodell Kooperativer Prozessgestaltung entwickelt. Das Buch ist ein Studien- und Handbuch f\u00fcr Studierende wie f\u00fcr langj\u00e4hrige Fachkr\u00e4fte und eine Arbeitsgrundlage f\u00fcr Organisationen der Sozialen Arbeit.<\/p>\n<p>Peter Pantucek hat zur Erstauflage mal geschrieben: \u00abUm sich ein Gesamtverst\u00e4ndnis zu erwerben, um Kriterien f\u00fcr die (Selbst-) Evaluation bzw. Selbstbefragung zu finden, geh\u00f6rt es bei weitem zum Besten, was in den letzten Jahren publiziert worden ist.\u00bb<\/p>\n<p><a href=\"https:\/\/www.sages.ch\/wp-content\/uploads\/2021\/02\/Flyer_5.-Auflage-KPG_Hochuli-Freund_Stotz-2021.pdf\" target=\"_blank\" rel=\"noopener noreferrer\">\u203a Zum Flyer<\/a><\/p>\n","protected":false},"excerpt":{"rendered":"<p>Demn\u00e4chst erscheint die neue, deutlich erweiterte Auflage des Klassikers \u00abKooperative Prozessgestaltung\u00bb. Das Lehrbuch hat zum Ziel, sowohl den Theorie-Praxis-Transfer als auch eine generalisierbare Systematik in der Prozessgestaltung mit Klienten zu f\u00f6rdern und richtet sich explizit auch an die Praxis der  [&#8230;]<\/p>\n","protected":false},"author":1,"featured_media":0,"comment_status":"closed","ping_status":"closed","sticky":false,"template":"","format":"standard","meta":{"footnotes":""},"categories":[40,16],"tags":[],"class_list":["post-4807","post","type-post","status-publish","format-standard","hentry","category-2021-fr","category-non-classifiee"],"_links":{"self":[{"href":"https:\/\/www.sages.ch\/fr\/wp-json\/wp\/v2\/posts\/4807","targetHints":{"allow":["GET"]}}],"collection":[{"href":"https:\/\/www.sages.ch\/fr\/wp-json\/wp\/v2\/posts"}],"about":[{"href":"https:\/\/www.sages.ch\/fr\/wp-json\/wp\/v2\/types\/post"}],"author":[{"embeddable":true,"href":"https:\/\/www.sages.ch\/fr\/wp-json\/wp\/v2\/users\/1"}],"replies":[{"embeddable":true,"href":"https:\/\/www.sages.ch\/fr\/wp-json\/wp\/v2\/comments?post=4807"}],"version-history":[{"count":3,"href":"https:\/\/www.sages.ch\/fr\/wp-json\/wp\/v2\/posts\/4807\/revisions"}],"predecessor-version":[{"id":4816,"href":"https:\/\/www.sages.ch\/fr\/wp-json\/wp\/v2\/posts\/4807\/revisions\/4816"}],"wp:attachment":[{"href":"https:\/\/www.sages.ch\/fr\/wp-json\/wp\/v2\/media?parent=4807"}],"wp:term":[{"taxonomy":"category","embeddable":true,"href":"https:\/\/www.sages.ch\/fr\/wp-json\/wp\/v2\/categories?post=4807"},{"taxonomy":"post_tag","embeddable":true,"href":"https:\/\/www.sages.ch\/fr\/wp-json\/wp\/v2\/tags?post=4807"}],"curies":[{"name":"wp","href":"https:\/\/api.w.org\/{rel}","templated":true}]}}