{"id":4863,"date":"2021-02-19T16:55:27","date_gmt":"2021-02-19T15:55:27","guid":{"rendered":"https:\/\/www.sages.ch\/?p=4863"},"modified":"2022-12-11T12:43:14","modified_gmt":"2022-12-11T11:43:14","slug":"sektion-bern-neu-als-geographische-sektion","status":"publish","type":"post","link":"https:\/\/www.sages.ch\/fr\/sektion-bern-neu-als-geographische-sektion\/","title":{"rendered":"Sektion Bern neu als geographische Sektion"},"content":{"rendered":"<p>Die SAGES-Sektion Bern war bereits zu Zeiten des SFSS ein aktives Element innerhalb des damaligen Fachverbandes. Sie war zusammengesetzt aus Sozialarbeiter*innen aus dem Spital- und Rehabilitations-Bereich.<\/p>\n<p>Durch die SAGES-Gr\u00fcndung hat sich die Sektion Bern analog der Ausrichtung des Fachverbandes f\u00fcr die anderen Fachbereiche ge\u00f6ffnet und konnte neue Teilnehmer*innen gewinnen. In der aktuellen Zusammensetzung kann die Sektion Bern deshalb nicht mehr ausschliesslich dem Fachbereich Spital zugeordnet werden, weshalb sie neu als geographische Sektion gef\u00fchrt wird, welche alle SAGES-Fachbereiche ber\u00fccksichtigt.<\/p>\n","protected":false},"excerpt":{"rendered":"<p>Die SAGES-Sektion Bern war bereits zu Zeiten des SFSS ein aktives Element innerhalb des damaligen Fachverbandes. Sie war zusammengesetzt aus Sozialarbeiter*innen aus dem Spital- und Rehabilitations-Bereich. Durch die SAGES-Gr\u00fcndung hat sich die Sektion Bern analog der Ausrichtung des Fachverbandes f\u00fcr  [&#8230;]<\/p>\n","protected":false},"author":1,"featured_media":0,"comment_status":"closed","ping_status":"closed","sticky":false,"template":"","format":"standard","meta":{"footnotes":""},"categories":[40,16],"tags":[],"class_list":["post-4863","post","type-post","status-publish","format-standard","hentry","category-2021-fr","category-non-classifiee"],"_links":{"self":[{"href":"https:\/\/www.sages.ch\/fr\/wp-json\/wp\/v2\/posts\/4863","targetHints":{"allow":["GET"]}}],"collection":[{"href":"https:\/\/www.sages.ch\/fr\/wp-json\/wp\/v2\/posts"}],"about":[{"href":"https:\/\/www.sages.ch\/fr\/wp-json\/wp\/v2\/types\/post"}],"author":[{"embeddable":true,"href":"https:\/\/www.sages.ch\/fr\/wp-json\/wp\/v2\/users\/1"}],"replies":[{"embeddable":true,"href":"https:\/\/www.sages.ch\/fr\/wp-json\/wp\/v2\/comments?post=4863"}],"version-history":[{"count":1,"href":"https:\/\/www.sages.ch\/fr\/wp-json\/wp\/v2\/posts\/4863\/revisions"}],"predecessor-version":[{"id":4865,"href":"https:\/\/www.sages.ch\/fr\/wp-json\/wp\/v2\/posts\/4863\/revisions\/4865"}],"wp:attachment":[{"href":"https:\/\/www.sages.ch\/fr\/wp-json\/wp\/v2\/media?parent=4863"}],"wp:term":[{"taxonomy":"category","embeddable":true,"href":"https:\/\/www.sages.ch\/fr\/wp-json\/wp\/v2\/categories?post=4863"},{"taxonomy":"post_tag","embeddable":true,"href":"https:\/\/www.sages.ch\/fr\/wp-json\/wp\/v2\/tags?post=4863"}],"curies":[{"name":"wp","href":"https:\/\/api.w.org\/{rel}","templated":true}]}}