{"id":4946,"date":"2021-03-17T09:10:38","date_gmt":"2021-03-17T08:10:38","guid":{"rendered":"https:\/\/www.sages.ch\/?p=4946"},"modified":"2022-12-11T12:43:12","modified_gmt":"2022-12-11T11:43:12","slug":"sages-als-kooperationspartner-beim-fmc-symposium-wie-gelingt-eine-bessere-vernetzung-des-medizinischen-und-sozialen-systems-mittwoch-16-juni-2021","status":"publish","type":"post","link":"https:\/\/www.sages.ch\/fr\/sages-als-kooperationspartner-beim-fmc-symposium-wie-gelingt-eine-bessere-vernetzung-des-medizinischen-und-sozialen-systems-mittwoch-16-juni-2021\/","title":{"rendered":"SAGES als Kooperationspartner beim fmc Symposium \u00abWie gelingt eine bessere Vernetzung des medizinischen und sozialen Systems?\u00bb: Mittwoch, 16. Juni 2021"},"content":{"rendered":"<p>Wie sieht die ideale Versorgung von chronisch kranken Menschen mit psychischen und sozialen Beeintr\u00e4chtigungen aus? Wie sollen \u00e4ltere Menschen versorgt werden, wenn sie nicht nur pflegerische-medizinische, sondern auch juristische und alltagspraktische Unterst\u00fctzung ben\u00f6tigen? Wie kann ein Betreuungs- und Unterst\u00fctzungssystem ausgestaltet werden, wenn mit dem Bundesamt f\u00fcr Gesundheit (BAG) und dem Bundesamt f\u00fcr Sozialversicherung (BSV) zwei Bundes\u00e4mter und unendlich viele weitere Entscheidungstr\u00e4ger involviert sind?<\/p>\n<p>Diese und viele weitere Fragen und Aspekte werden am fmc Symposium am 16. Juni 2021 mit renommierten Fachleuten aus dem In- und Ausland diskutiert. Das fmc Symposium 2021 wird die Bedeutung der interprofessionellen und interinstitutionellen Zusammenarbeit f\u00fcr eine bessere Versorgung bei gesundheitlichen, psychischen und sozialen Beeintr\u00e4chtigungen aufzeigen. Impulsreferate werden die Wichtigkeit der Zusammenarbeit und deren Rahmenbedingungen darlegen. In Parallelsessions werden konkrete Praxiserfahrungen in der Zusammenarbeit des Gesundheits- und Sozialwesens dargestellt. Das fmc Symposium 2021 wird aufzeigen, wie eine bessere Vernetzung der Akteure aus dem medizinischen und sozialen Systems zum Wohle der vulnerablen Personengruppe (multimorbid, \u00e4ltere, sozial benachteiligte, etc.) erm\u00f6glicht werden kann.<\/p>\n<p>SAGES ist Kooperationspartner des Symposiums. Ausserdem ist unser Fachbereich \u00abSoziale Arbeit in der Arztpraxis\u00bb mit Projektpr\u00e4sentationen am Symposium vertreten. SAGES-Mitglieder erhalten 25% Rabatt auf die Teilnahmegeb\u00fchr. Der Gutscheincode kann \u00fcber die\u00a0SAGES Gesch\u00e4ftsstelle\u00a0angefordert werden.<\/p>\n","protected":false},"excerpt":{"rendered":"<p>Wie sieht die ideale Versorgung von chronisch kranken Menschen mit psychischen und sozialen Beeintr\u00e4chtigungen aus? Wie sollen \u00e4ltere Menschen versorgt werden, wenn sie nicht nur pflegerische-medizinische, sondern auch juristische und alltagspraktische Unterst\u00fctzung ben\u00f6tigen? Wie kann ein Betreuungs- und Unterst\u00fctzungssystem ausgestaltet  [&#8230;]<\/p>\n","protected":false},"author":1,"featured_media":0,"comment_status":"closed","ping_status":"closed","sticky":false,"template":"","format":"standard","meta":{"footnotes":""},"categories":[40,16],"tags":[],"class_list":["post-4946","post","type-post","status-publish","format-standard","hentry","category-2021-fr","category-non-classifiee"],"_links":{"self":[{"href":"https:\/\/www.sages.ch\/fr\/wp-json\/wp\/v2\/posts\/4946","targetHints":{"allow":["GET"]}}],"collection":[{"href":"https:\/\/www.sages.ch\/fr\/wp-json\/wp\/v2\/posts"}],"about":[{"href":"https:\/\/www.sages.ch\/fr\/wp-json\/wp\/v2\/types\/post"}],"author":[{"embeddable":true,"href":"https:\/\/www.sages.ch\/fr\/wp-json\/wp\/v2\/users\/1"}],"replies":[{"embeddable":true,"href":"https:\/\/www.sages.ch\/fr\/wp-json\/wp\/v2\/comments?post=4946"}],"version-history":[{"count":1,"href":"https:\/\/www.sages.ch\/fr\/wp-json\/wp\/v2\/posts\/4946\/revisions"}],"predecessor-version":[{"id":4948,"href":"https:\/\/www.sages.ch\/fr\/wp-json\/wp\/v2\/posts\/4946\/revisions\/4948"}],"wp:attachment":[{"href":"https:\/\/www.sages.ch\/fr\/wp-json\/wp\/v2\/media?parent=4946"}],"wp:term":[{"taxonomy":"category","embeddable":true,"href":"https:\/\/www.sages.ch\/fr\/wp-json\/wp\/v2\/categories?post=4946"},{"taxonomy":"post_tag","embeddable":true,"href":"https:\/\/www.sages.ch\/fr\/wp-json\/wp\/v2\/tags?post=4946"}],"curies":[{"name":"wp","href":"https:\/\/api.w.org\/{rel}","templated":true}]}}