{"id":5529,"date":"2021-12-22T08:33:34","date_gmt":"2021-12-22T07:33:34","guid":{"rendered":"https:\/\/www.sages.ch\/?p=5529"},"modified":"2022-12-10T23:08:28","modified_gmt":"2022-12-10T22:08:28","slug":"seminar-traumatisierte-menschen-erkennen-verstehen-begleiten-foerdern","status":"publish","type":"post","link":"https:\/\/www.sages.ch\/fr\/seminar-traumatisierte-menschen-erkennen-verstehen-begleiten-foerdern\/","title":{"rendered":"Seminar \u00abTraumatisierte Menschen: erkennen, verstehen, begleiten, f\u00f6rdern\u00bb"},"content":{"rendered":"<p>Traumatisierte Menschen werden oft stigmatisiert, missverstanden und so retraumatisiert. Im Umgang mit Menschen, die Traumata erlitten haben, ist es entscheidend, die Symptomatik<br \/>\nder posttraumatischen Belastungsst\u00f6rung (PTBS) und die Dissoziationserscheinungen zu<br \/>\nerkennen und zu verstehen. In dieser Weiterbildung werden die Arten von Trauma-<br \/>\nSymptomen und von Dissoziation diskutiert, nach den Ursachen von Traumata gesucht<br \/>\nund deren Definition besprochen.<br \/>\nDiese Erkenntnisse helfen, traumatisierte Menschen besser abzuholen, mit ihnen<br \/>\nad\u00e4quater umzugehen und sie je nach Berufsfeld effizienter zu beraten, vertreten oder<br \/>\nf\u00f6rdern. In diesem Seminar werden alle Altersstufen angesprochen: Die Thematik wird bei<br \/>\nKindern, Jugendlichen und Erwachsenen angeschaut und diskutiert.<\/p>\n<p>Das zweit\u00e4gige Seminar richtet sich an alle Berufsgruppen, die sich um das Wohl und die<br \/>\nRechte der Menschen k\u00fcmmern: P\u00e4dagogik, Heilp\u00e4dagogik, Pflegeberufe, Beratungsstellen,<br \/>\njuristische Fachkreise und Beh\u00f6rden.<br \/>\nSAGES ist Kooperationspartner des Seminars. SAGES-Mitglieder profitieren dabei von einer verg\u00fcnstigten Teilnahmegeb\u00fchr.<\/p>\n<p><a href=\"https:\/\/www.sitt.ch\/seminare\/\" target=\"_blank\" rel=\"noopener noreferrer\">\u203a Webseite<\/a><\/p>\n<p><a href=\"https:\/\/www.sages.ch\/wp-content\/uploads\/2021\/12\/Seminar_Traumatisierte-Menschen.pdf\" target=\"_blank\" rel=\"noopener\">\u203a Flyer<\/a><\/p>\n","protected":false},"excerpt":{"rendered":"<p>Traumatisierte Menschen werden oft stigmatisiert, missverstanden und so retraumatisiert. Im Umgang mit Menschen, die Traumata erlitten haben, ist es entscheidend, die Symptomatik der posttraumatischen Belastungsst\u00f6rung (PTBS) und die Dissoziationserscheinungen zu erkennen und zu verstehen. In dieser Weiterbildung werden die Arten  [&#8230;]<\/p>\n","protected":false},"author":1,"featured_media":0,"comment_status":"closed","ping_status":"closed","sticky":false,"template":"","format":"standard","meta":{"footnotes":""},"categories":[40],"tags":[],"class_list":["post-5529","post","type-post","status-publish","format-standard","hentry","category-2021-fr"],"_links":{"self":[{"href":"https:\/\/www.sages.ch\/fr\/wp-json\/wp\/v2\/posts\/5529","targetHints":{"allow":["GET"]}}],"collection":[{"href":"https:\/\/www.sages.ch\/fr\/wp-json\/wp\/v2\/posts"}],"about":[{"href":"https:\/\/www.sages.ch\/fr\/wp-json\/wp\/v2\/types\/post"}],"author":[{"embeddable":true,"href":"https:\/\/www.sages.ch\/fr\/wp-json\/wp\/v2\/users\/1"}],"replies":[{"embeddable":true,"href":"https:\/\/www.sages.ch\/fr\/wp-json\/wp\/v2\/comments?post=5529"}],"version-history":[{"count":1,"href":"https:\/\/www.sages.ch\/fr\/wp-json\/wp\/v2\/posts\/5529\/revisions"}],"predecessor-version":[{"id":5534,"href":"https:\/\/www.sages.ch\/fr\/wp-json\/wp\/v2\/posts\/5529\/revisions\/5534"}],"wp:attachment":[{"href":"https:\/\/www.sages.ch\/fr\/wp-json\/wp\/v2\/media?parent=5529"}],"wp:term":[{"taxonomy":"category","embeddable":true,"href":"https:\/\/www.sages.ch\/fr\/wp-json\/wp\/v2\/categories?post=5529"},{"taxonomy":"post_tag","embeddable":true,"href":"https:\/\/www.sages.ch\/fr\/wp-json\/wp\/v2\/tags?post=5529"}],"curies":[{"name":"wp","href":"https:\/\/api.w.org\/{rel}","templated":true}]}}