{"id":5904,"date":"2022-04-27T08:55:24","date_gmt":"2022-04-27T06:55:24","guid":{"rendered":"https:\/\/www.sages.ch\/?p=5904"},"modified":"2022-12-11T12:09:50","modified_gmt":"2022-12-11T11:09:50","slug":"wechsel-im-sages-vorstand-per-1-april-2022","status":"publish","type":"post","link":"https:\/\/www.sages.ch\/fr\/wechsel-im-sages-vorstand-per-1-april-2022\/","title":{"rendered":"Wechsel im SAGES-Vorstand per 1. April 2022"},"content":{"rendered":"<p>Ende M\u00e4rz wurde das langj\u00e4hrige SAGES-Vorstandsmitglied Martin Hug an seiner letzten Sitzung aus dem Vorstand und dem Fachbereich Psychiatrie verabschiedet. Martin Hug wird seinen wohlverdienten beruflichen Ruhestand antreten.<\/p>\n<p>Seine Nachfolgerin ist Annalotte Wurst. Sie arbeitet in der Integrierten Psychiatrie Winterthur \u2212 Z\u00fcrcher Unterland (ipw) und leitet dort seit 2015 die Sozialen Dienste, zu welchen Dienstleistungen wie Sozialberatung, Case Management und Job Coaching geh\u00f6ren. Im Anschluss an ihre Erstausbildung als Krankenschwester hat Annalotte Wurst an der Universit\u00e4t T\u00fcbingen ein Studium der Erziehungswissenschaften absolviert.\u00a0Sie war\u00a0 Sozialarbeiterin in der Alterspsychiatrie der Klinik Rheinau, der sp\u00e4teren ipw, und \u00fcbernahm ab 2005 verschiedene Leitungsfunktionen.<\/p>\n<p>F\u00fcr Annalotte Wurst ist es eine R\u00fcckkehr zu SAGES, war sie doch bereits in der Vergangenheit im SAGES-Vorstand t\u00e4tig. Wir freuen uns, wieder mit ihr zusammenarbeiten zu d\u00fcrfen.<br \/>\nAuf der anderen Seite bedanken wir uns f\u00fcr das grosse Engagement f\u00fcr SAGES bei Martin Hug und w\u00fcnschen ihm zu seiner Pensionierung beste Gesundheit und Freude am Leben.<\/p>\n","protected":false},"excerpt":{"rendered":"<p>Ende M\u00e4rz wurde das langj\u00e4hrige SAGES-Vorstandsmitglied Martin Hug an seiner letzten Sitzung aus dem Vorstand und dem Fachbereich Psychiatrie verabschiedet. Martin Hug wird seinen wohlverdienten beruflichen Ruhestand antreten. Seine Nachfolgerin ist Annalotte Wurst. Sie arbeitet in der Integrierten Psychiatrie Winterthur  [&#8230;]<\/p>\n","protected":false},"author":1,"featured_media":0,"comment_status":"closed","ping_status":"closed","sticky":false,"template":"","format":"standard","meta":{"footnotes":""},"categories":[39],"tags":[],"class_list":["post-5904","post","type-post","status-publish","format-standard","hentry","category-2022-fr"],"_links":{"self":[{"href":"https:\/\/www.sages.ch\/fr\/wp-json\/wp\/v2\/posts\/5904","targetHints":{"allow":["GET"]}}],"collection":[{"href":"https:\/\/www.sages.ch\/fr\/wp-json\/wp\/v2\/posts"}],"about":[{"href":"https:\/\/www.sages.ch\/fr\/wp-json\/wp\/v2\/types\/post"}],"author":[{"embeddable":true,"href":"https:\/\/www.sages.ch\/fr\/wp-json\/wp\/v2\/users\/1"}],"replies":[{"embeddable":true,"href":"https:\/\/www.sages.ch\/fr\/wp-json\/wp\/v2\/comments?post=5904"}],"version-history":[{"count":1,"href":"https:\/\/www.sages.ch\/fr\/wp-json\/wp\/v2\/posts\/5904\/revisions"}],"predecessor-version":[{"id":5906,"href":"https:\/\/www.sages.ch\/fr\/wp-json\/wp\/v2\/posts\/5904\/revisions\/5906"}],"wp:attachment":[{"href":"https:\/\/www.sages.ch\/fr\/wp-json\/wp\/v2\/media?parent=5904"}],"wp:term":[{"taxonomy":"category","embeddable":true,"href":"https:\/\/www.sages.ch\/fr\/wp-json\/wp\/v2\/categories?post=5904"},{"taxonomy":"post_tag","embeddable":true,"href":"https:\/\/www.sages.ch\/fr\/wp-json\/wp\/v2\/tags?post=5904"}],"curies":[{"name":"wp","href":"https:\/\/api.w.org\/{rel}","templated":true}]}}