{"id":6042,"date":"2022-05-11T14:28:45","date_gmt":"2022-05-11T12:28:45","guid":{"rendered":"https:\/\/www.sages.ch\/?p=6042"},"modified":"2022-12-11T12:08:10","modified_gmt":"2022-12-11T11:08:10","slug":"sages-mitgliederversammlung-2022-ernennung-von-lisa-aeberhard-zum-sages-ehrenmitglied","status":"publish","type":"post","link":"https:\/\/www.sages.ch\/fr\/sages-mitgliederversammlung-2022-ernennung-von-lisa-aeberhard-zum-sages-ehrenmitglied\/","title":{"rendered":"SAGES-Mitgliederversammlung 2022: Ernennung von Lisa Aeberhard zum SAGES-Ehrenmitglied"},"content":{"rendered":"<p>Die 5. SAGES-Mitgliederversammlung hat am 9. Mai 2022 nach der letztj\u00e4hrigen virtuellen Durchf\u00fchrung wieder in physischer Form an der FHNW in Olten stattgefunden.<\/p>\n<p>Neben den statutarischen Gesch\u00e4ften galt es zum einen, die beiden neuen Vorstandsmitglieder Suzanne Lischer von der HSLU (Fachbereich Bildung &amp; Forschung) sowie Annalotte Wurst von der Integrierten Psychiatrie Winterthur (Fachbereich Psychiatrie) in den SAGES-Vorstand w\u00e4hlen zu lassen. Neben den neuen Kr\u00e4ften im Vorstand wurden deren Vorg\u00e4nger*innen Elke Brusa und Martin Hug, welche per Ende Dezember 2021 resp. per Ende M\u00e4rz 2022 von ihrem Amt zur\u00fcckgetreten sind, offiziell verabschiedet. Genauso wie Monika von Burg vom Fachbereich Soziale Arbeit in der Arztpraxis, welche den SAGES-Vorstand per Ende Mai verlassen wird. Ihre Nachfolge ist noch vakant. Zuvor durfte mit Sandra Cavadini zu Beginn der Mitgliederversammlung ein neues Gesicht auf der Gesch\u00e4ftsstelle vorgestellt werden. Sie unterst\u00fctzt den SAGES-Gesch\u00e4ftsf\u00fchrer bereits seit Mitte M\u00e4rz tatkr\u00e4ftig im operativen Bereich.<\/p>\n<p>Zum anderen wurde die langj\u00e4hrige SAGES-Co-Pr\u00e4sidentin Lisa Aeberhard als letzte Personalie der Mitgliederversammlung unter Applaus einstimmig zum SAGES-Ehrenmitglied ernannt und erw\u00e4hnte dabei ihre aktuellen Projekte und Visionen f\u00fcr die Soziale Arbeit im Gesundheitswesen und f\u00fcr SAGES. Lisa Aeberhard war zuvor nach 10 Jahren intensivem Engagement f\u00fcr die Soziale Arbeit im Gesundheitswesen im vergangenen Jahr von ihrem pr\u00e4sidialen Amt bei SAGES zur\u00fcckgetreten. Wir freuen uns, neben den weiteren namhaften Ehrenmitgliedern Peter Sommerfeld, Bruno Keel und Martin Hafen, nun mit Lisa Aeberhard auch eine verdiente weibliche Vertreterin in diesem Amt zu wissen.<\/p>\n<p>Den fachlichen Input an der diesj\u00e4hrigen Mitgliederversammlung lieferte\u00a0<span class=\"person-honorific-prefix\">Prof. Dr.<\/span>\u00a0<span class=\"person-fullname\">Frank Wieber, <\/span><span class=\"person-worksfor\">ZHAW<\/span>\u00a0<span class=\"person-affiliation\">Gesundheit, <\/span><span class=\"person-organisation-unit\">Forschung Institut f\u00fcr Public Health mit den Studienergebnissen zur Gesundheitskompetenz in herausfordernden Kontexten und seiner Bedarfsanalyse zur F\u00f6rderung der Gesundheitskompetenz bei Menschen in schwierigen Lebenslagen durch sozialberatende Stellen, welche danach im Plenum diskutiert wurde.<\/span><\/p>\n<p>SAGES bedankt sich bei seinen Mitgliedern f\u00fcr ihr grosses Vertrauen in den Vorstand und die Gesch\u00e4ftsstelle und freut sich auf die weitere Zusammenarbeit.<\/p>\n","protected":false},"excerpt":{"rendered":"<p>Die 5. SAGES-Mitgliederversammlung hat am 9. Mai 2022 nach der letztj\u00e4hrigen virtuellen Durchf\u00fchrung wieder in physischer Form an der FHNW in Olten stattgefunden. Neben den statutarischen Gesch\u00e4ften galt es zum einen, die beiden neuen Vorstandsmitglieder Suzanne Lischer von der HSLU  [&#8230;]<\/p>\n","protected":false},"author":1,"featured_media":6047,"comment_status":"closed","ping_status":"closed","sticky":false,"template":"","format":"standard","meta":{"footnotes":""},"categories":[39],"tags":[],"class_list":["post-6042","post","type-post","status-publish","format-standard","has-post-thumbnail","hentry","category-2022-fr"],"_links":{"self":[{"href":"https:\/\/www.sages.ch\/fr\/wp-json\/wp\/v2\/posts\/6042","targetHints":{"allow":["GET"]}}],"collection":[{"href":"https:\/\/www.sages.ch\/fr\/wp-json\/wp\/v2\/posts"}],"about":[{"href":"https:\/\/www.sages.ch\/fr\/wp-json\/wp\/v2\/types\/post"}],"author":[{"embeddable":true,"href":"https:\/\/www.sages.ch\/fr\/wp-json\/wp\/v2\/users\/1"}],"replies":[{"embeddable":true,"href":"https:\/\/www.sages.ch\/fr\/wp-json\/wp\/v2\/comments?post=6042"}],"version-history":[{"count":2,"href":"https:\/\/www.sages.ch\/fr\/wp-json\/wp\/v2\/posts\/6042\/revisions"}],"predecessor-version":[{"id":6052,"href":"https:\/\/www.sages.ch\/fr\/wp-json\/wp\/v2\/posts\/6042\/revisions\/6052"}],"wp:featuredmedia":[{"embeddable":true,"href":"https:\/\/www.sages.ch\/fr\/wp-json\/wp\/v2\/media\/6047"}],"wp:attachment":[{"href":"https:\/\/www.sages.ch\/fr\/wp-json\/wp\/v2\/media?parent=6042"}],"wp:term":[{"taxonomy":"category","embeddable":true,"href":"https:\/\/www.sages.ch\/fr\/wp-json\/wp\/v2\/categories?post=6042"},{"taxonomy":"post_tag","embeddable":true,"href":"https:\/\/www.sages.ch\/fr\/wp-json\/wp\/v2\/tags?post=6042"}],"curies":[{"name":"wp","href":"https:\/\/api.w.org\/{rel}","templated":true}]}}