{"id":6121,"date":"2022-05-18T09:30:34","date_gmt":"2022-05-18T07:30:34","guid":{"rendered":"https:\/\/www.sages.ch\/?p=6121"},"modified":"2022-12-11T12:08:10","modified_gmt":"2022-12-11T11:08:10","slug":"programm-soziale-arbeit-und-sucht-entwicklung-von-empfehlungen-und-neues-fachseminar-als-naechste-teilprojekte","status":"publish","type":"post","link":"https:\/\/www.sages.ch\/fr\/programm-soziale-arbeit-und-sucht-entwicklung-von-empfehlungen-und-neues-fachseminar-als-naechste-teilprojekte\/","title":{"rendered":"Programm Soziale Arbeit und Sucht: Entwicklung von Empfehlungen und neues Fachseminar als n\u00e4chste Teilprojekte"},"content":{"rendered":"<p>Am 23. M\u00e4rz 2022 fand die Fachtagung \u00abSoziale Arbeit und Sucht \u2013 Praxis und Wissenschaft im Dialog\u00bb mit \u00fcber 200 Teilnehmenden an der FHNW in Olten statt (<a href=\"https:\/\/www.mas-sucht.ch\/fachtagung-2022\/\" target=\"_blank\" rel=\"noopener\"><strong>s\u00e4mtliche Pr\u00e4sentationen sind online<\/strong><\/a>). Die Fachtagung war der Kick Off zur Lancierung eines u.a. vom BAG und Kantonen mitfinanzierten mehrj\u00e4hrigen Programms mit einer vernetzten Tr\u00e4gerschaft der Hochschule f\u00fcr Soziale Arbeit (FHWN), dem Fachverband Sucht, AvenirSocial sowie dem Schweizerischen Fachverband Soziale Arbeit im Gesundheitswesen (SAGES). Programmziel ist, Sucht im Rahmen eines bio-psycho-sozialen Verst\u00e4ndnisses wieder verst\u00e4rkt auch als soziales Problem zu verstehen und zu behandeln. Als n\u00e4chster Meilenstein erfolgt die Entwicklung von Empfehlungen f\u00fcr und mit Fachleuten aus verschiedenen Handlungsfelder der Sozialen Arbeit in der Suchthilfe und Suchtpr\u00e4vention.<\/p>\n<p>Ebenfalls als Teilprojekt des Programms wird ein neues Fachseminar \u00abWenn Soziale Arbeit auf Sucht trifft\u00bb vom 15.-17. Dezember 2022 an der FHNW in Olten angeboten. Im Fokus stehen Fragen wie: Wie kann die soziale Dimension von Sucht systematisch erfasst und analysiert werden? Mittels welchen Werten und Grundlagen legitimiert die Soziale Arbeit die Unterst\u00fctzung f\u00fcr ihre Klientel? Und: Wie umgehen mit ethischen Dilemmata beispielsweise im Spannungsfeld von Autonomie und F\u00fcrsorge?<\/p>\n<p><a href=\"https:\/\/www.fhnw.ch\/de\/weiterbildung\/soziale-arbeit\/9458403\" target=\"_blank\" rel=\"noopener\">\u203a Information und Anmeldung<\/a><\/p>\n","protected":false},"excerpt":{"rendered":"<p>Am 23. M\u00e4rz 2022 fand die Fachtagung \u00abSoziale Arbeit und Sucht \u2013 Praxis und Wissenschaft im Dialog\u00bb mit \u00fcber 200 Teilnehmenden an der FHNW in Olten statt (s\u00e4mtliche Pr\u00e4sentationen sind online). Die Fachtagung war der Kick Off zur Lancierung eines  [&#8230;]<\/p>\n","protected":false},"author":1,"featured_media":0,"comment_status":"closed","ping_status":"closed","sticky":false,"template":"","format":"standard","meta":{"footnotes":""},"categories":[39],"tags":[],"class_list":["post-6121","post","type-post","status-publish","format-standard","hentry","category-2022-fr"],"_links":{"self":[{"href":"https:\/\/www.sages.ch\/fr\/wp-json\/wp\/v2\/posts\/6121","targetHints":{"allow":["GET"]}}],"collection":[{"href":"https:\/\/www.sages.ch\/fr\/wp-json\/wp\/v2\/posts"}],"about":[{"href":"https:\/\/www.sages.ch\/fr\/wp-json\/wp\/v2\/types\/post"}],"author":[{"embeddable":true,"href":"https:\/\/www.sages.ch\/fr\/wp-json\/wp\/v2\/users\/1"}],"replies":[{"embeddable":true,"href":"https:\/\/www.sages.ch\/fr\/wp-json\/wp\/v2\/comments?post=6121"}],"version-history":[{"count":1,"href":"https:\/\/www.sages.ch\/fr\/wp-json\/wp\/v2\/posts\/6121\/revisions"}],"predecessor-version":[{"id":6123,"href":"https:\/\/www.sages.ch\/fr\/wp-json\/wp\/v2\/posts\/6121\/revisions\/6123"}],"wp:attachment":[{"href":"https:\/\/www.sages.ch\/fr\/wp-json\/wp\/v2\/media?parent=6121"}],"wp:term":[{"taxonomy":"category","embeddable":true,"href":"https:\/\/www.sages.ch\/fr\/wp-json\/wp\/v2\/categories?post=6121"},{"taxonomy":"post_tag","embeddable":true,"href":"https:\/\/www.sages.ch\/fr\/wp-json\/wp\/v2\/tags?post=6121"}],"curies":[{"name":"wp","href":"https:\/\/api.w.org\/{rel}","templated":true}]}}