{"id":6146,"date":"2022-05-25T11:26:36","date_gmt":"2022-05-25T09:26:36","guid":{"rendered":"https:\/\/www.sages.ch\/?p=6146"},"modified":"2022-12-11T12:08:09","modified_gmt":"2022-12-11T11:08:09","slug":"verzicht-auf-gesundheitsleistungen-in-der-schweiz-praevalenz-einflussfaktoren-und-folgen","status":"publish","type":"post","link":"https:\/\/www.sages.ch\/fr\/verzicht-auf-gesundheitsleistungen-in-der-schweiz-praevalenz-einflussfaktoren-und-folgen\/","title":{"rendered":"Verzicht auf Gesundheitsleistungen in der Schweiz: Pr\u00e4valenz, Einflussfaktoren und Folgen"},"content":{"rendered":"<p>Die M\u00f6glichkeit, wenn n\u00f6tig Gesundheitsleistungen in Anspruch zu nehmen, ist entscheidend f\u00fcr die Verbesserung und Erhaltung von Gesundheit und Lebensqualit\u00e4t. In der Schweiz hat das Krankenversicherungsgesetz das Ziel, eine umfassende Gesundheitsversorgung f\u00fcr alle Einwohnerinnen und Einwohner zu gew\u00e4hrleisten. Eine k\u00fcrzlich durchgef\u00fchrte systematische Analyse einer allgemeinen Gesundheitsversorgung hat ergeben, dass die Schweiz bez\u00fcglich Zugang zur Diagnose und Behandlung von nicht \u00fcbertragbaren Krankheiten, insbesondere Leuk\u00e4mie, Brust-, Geb\u00e4rmutter-, Dickdarm- und Mastdarmkrebs, weltweit zu den Spitzenreitern geh\u00f6rt. Das Gesundheitssystem ist jedoch so aufgebaut, dass die Versicherten ihre Krankenkassenpr\u00e4mien und \u2013 bei der Inanspruchnahme von Gesundheitsleistungen \u2013 die Franchise und den Selbstbehalt aus eigener Tasche bezahlen m\u00fcssen. Dieses System kann je nach sozio\u00f6konomischen Verh\u00e4ltnissen der Einzelnen zu Ungleichheiten beim Zugang zu Gesundheitsleistungen f\u00fchren, auch wenn es f\u00fcr anspruchsberechtigte Personen individuelle Pr\u00e4mienverbilligungen gibt. Da zahn\u00e4rztliche Leistungen in den meisten F\u00e4llen nicht von der obligatorischen Krankenpflegeversicherung gedeckt werden, kann es aufgrund der hohen Kosten auch in diesem Bereich zu Ungleichheiten beim Zugang kommen.<\/p>\n<p><a href=\"https:\/\/www.sages.ch\/wp-content\/uploads\/2022\/05\/Verzicht-auf-Gesundheitsleistungen-in-der-Schweiz.pdf\" target=\"_blank\" rel=\"noopener\">\u203a Kurzfassung des Berichts<\/a><\/p>\n<p><a href=\"https:\/\/www.sages.ch\/wp-content\/uploads\/2022\/05\/Report-Forgoing-Healthcare-in-Switzerland.pdf\" target=\"_blank\" rel=\"noopener\">\u203a Bericht (nur in englisch)<\/a><\/p>\n","protected":false},"excerpt":{"rendered":"<p>Die M\u00f6glichkeit, wenn n\u00f6tig Gesundheitsleistungen in Anspruch zu nehmen, ist entscheidend f\u00fcr die Verbesserung und Erhaltung von Gesundheit und Lebensqualit\u00e4t. In der Schweiz hat das Krankenversicherungsgesetz das Ziel, eine umfassende Gesundheitsversorgung f\u00fcr alle Einwohnerinnen und Einwohner zu gew\u00e4hrleisten. Eine k\u00fcrzlich  [&#8230;]<\/p>\n","protected":false},"author":1,"featured_media":0,"comment_status":"closed","ping_status":"closed","sticky":false,"template":"","format":"standard","meta":{"footnotes":""},"categories":[39],"tags":[],"class_list":["post-6146","post","type-post","status-publish","format-standard","hentry","category-2022-fr"],"_links":{"self":[{"href":"https:\/\/www.sages.ch\/fr\/wp-json\/wp\/v2\/posts\/6146","targetHints":{"allow":["GET"]}}],"collection":[{"href":"https:\/\/www.sages.ch\/fr\/wp-json\/wp\/v2\/posts"}],"about":[{"href":"https:\/\/www.sages.ch\/fr\/wp-json\/wp\/v2\/types\/post"}],"author":[{"embeddable":true,"href":"https:\/\/www.sages.ch\/fr\/wp-json\/wp\/v2\/users\/1"}],"replies":[{"embeddable":true,"href":"https:\/\/www.sages.ch\/fr\/wp-json\/wp\/v2\/comments?post=6146"}],"version-history":[{"count":2,"href":"https:\/\/www.sages.ch\/fr\/wp-json\/wp\/v2\/posts\/6146\/revisions"}],"predecessor-version":[{"id":6154,"href":"https:\/\/www.sages.ch\/fr\/wp-json\/wp\/v2\/posts\/6146\/revisions\/6154"}],"wp:attachment":[{"href":"https:\/\/www.sages.ch\/fr\/wp-json\/wp\/v2\/media?parent=6146"}],"wp:term":[{"taxonomy":"category","embeddable":true,"href":"https:\/\/www.sages.ch\/fr\/wp-json\/wp\/v2\/categories?post=6146"},{"taxonomy":"post_tag","embeddable":true,"href":"https:\/\/www.sages.ch\/fr\/wp-json\/wp\/v2\/tags?post=6146"}],"curies":[{"name":"wp","href":"https:\/\/api.w.org\/{rel}","templated":true}]}}