{"id":6162,"date":"2022-06-01T08:49:18","date_gmt":"2022-06-01T06:49:18","guid":{"rendered":"https:\/\/www.sages.ch\/?p=6162"},"modified":"2022-12-11T12:08:09","modified_gmt":"2022-12-11T11:08:09","slug":"la-promotion-des-soins-de-sante-primaires-peut-reduire-les-couts-de-la-sante","status":"publish","type":"post","link":"https:\/\/www.sages.ch\/fr\/la-promotion-des-soins-de-sante-primaires-peut-reduire-les-couts-de-la-sante\/","title":{"rendered":"La promotion des soins de sant\u00e9 primaires peut r\u00e9duire les co\u00fbts de la sant\u00e9"},"content":{"rendered":"<p>\u00ab\u00a0Aussi paradoxal que cela puisse para\u00eetre, des soins m\u00e9dicaux co\u00fbteux deviennent moins chers lorsque l&rsquo;acc\u00e8s \u00e0 ces m\u00eames soins est simplifi\u00e9. Le mot-cl\u00e9 est la pr\u00e9vention des maladies &#8211; c&rsquo;est-\u00e0-dire le d\u00e9pistage et la pr\u00e9vention pr\u00e9coce des biographies de maladie\u00a0\u00bb.<\/p>\n<p>Lisez \u00e0 ce sujet la tribune de Ren\u00e9 R\u00fcegg, membre du comit\u00e9 SAGES, dans la Neue Z\u00fcrcher Zeitung (en ligne) du 17.05.2022.<\/p>\n<p><a href=\"https:\/\/www.sages.ch\/wp-content\/uploads\/2022\/06\/NZZ-online_Die-Foerderung-der-medizinischen-Grundversorgung.pdf\" target=\"_blank\" rel=\"noopener\">\u203a Tribune publi\u00e9e dans le NZZ (uniquement en allemand)<\/a><\/p>\n","protected":false},"excerpt":{"rendered":"<p>\u00ab\u00a0Aussi paradoxal que cela puisse para\u00eetre, des soins m\u00e9dicaux co\u00fbteux deviennent moins chers lorsque l&rsquo;acc\u00e8s \u00e0 ces m\u00eames soins est simplifi\u00e9. Le mot-cl\u00e9 est la pr\u00e9vention des maladies &#8211; c&rsquo;est-\u00e0-dire le d\u00e9pistage et la pr\u00e9vention pr\u00e9coce des biographies de maladie\u00a0\u00bb.  [&#8230;]<\/p>\n","protected":false},"author":1,"featured_media":0,"comment_status":"closed","ping_status":"closed","sticky":false,"template":"","format":"standard","meta":{"footnotes":""},"categories":[39],"tags":[],"class_list":["post-6162","post","type-post","status-publish","format-standard","hentry","category-2022-fr"],"_links":{"self":[{"href":"https:\/\/www.sages.ch\/fr\/wp-json\/wp\/v2\/posts\/6162","targetHints":{"allow":["GET"]}}],"collection":[{"href":"https:\/\/www.sages.ch\/fr\/wp-json\/wp\/v2\/posts"}],"about":[{"href":"https:\/\/www.sages.ch\/fr\/wp-json\/wp\/v2\/types\/post"}],"author":[{"embeddable":true,"href":"https:\/\/www.sages.ch\/fr\/wp-json\/wp\/v2\/users\/1"}],"replies":[{"embeddable":true,"href":"https:\/\/www.sages.ch\/fr\/wp-json\/wp\/v2\/comments?post=6162"}],"version-history":[{"count":3,"href":"https:\/\/www.sages.ch\/fr\/wp-json\/wp\/v2\/posts\/6162\/revisions"}],"predecessor-version":[{"id":6223,"href":"https:\/\/www.sages.ch\/fr\/wp-json\/wp\/v2\/posts\/6162\/revisions\/6223"}],"wp:attachment":[{"href":"https:\/\/www.sages.ch\/fr\/wp-json\/wp\/v2\/media?parent=6162"}],"wp:term":[{"taxonomy":"category","embeddable":true,"href":"https:\/\/www.sages.ch\/fr\/wp-json\/wp\/v2\/categories?post=6162"},{"taxonomy":"post_tag","embeddable":true,"href":"https:\/\/www.sages.ch\/fr\/wp-json\/wp\/v2\/tags?post=6162"}],"curies":[{"name":"wp","href":"https:\/\/api.w.org\/{rel}","templated":true}]}}