{"id":7258,"date":"2023-04-28T13:06:27","date_gmt":"2023-04-28T11:06:27","guid":{"rendered":"https:\/\/www.sages.ch\/?p=7258"},"modified":"2023-04-28T13:41:26","modified_gmt":"2023-04-28T11:41:26","slug":"projet-de-soins-anticipe","status":"publish","type":"post","link":"https:\/\/www.sages.ch\/fr\/projet-de-soins-anticipe\/","title":{"rendered":"Projet de soins anticip\u00e9"},"content":{"rendered":"<p>Dans le cadre du postulat 18.3384 \u00ab\u00a0Am\u00e9liorer la prise en charge et le traitement des personnes en fin de vie\u00a0\u00bb, le Conseil f\u00e9d\u00e9ral s&rsquo;est fix\u00e9 pour objectif d&rsquo;am\u00e9liorer les conditions-cadres du projet de soins anticip\u00e9 (ProSA) Pour ce faire, il a charg\u00e9 l&rsquo;OFSP et l&rsquo;ASSM de se pencher sur cette exigence et de mettre en place un <span style=\"color: #0000ff;\"><a style=\"color: #0000ff;\" href=\"https:\/\/www.samw.ch\/fr\/Ethique\/Apercu-des-themes\/Projet-de-soins-anticipe.html\" target=\"_blank\" rel=\"noopener\">groupe de travail national<\/a><\/span> permanent \u00ab\u00a0Projekt de soins anticip\u00e9\u00a0\u00bb. Celui-ci a commenc\u00e9 ses travaux au printemps 2021. Piero Catani participe au groupe de travail en tant que membre du comit\u00e9 de SAGES.<br \/>\nDans un premier temps, le besoin d&rsquo;agir a \u00e9t\u00e9 d\u00e9termin\u00e9 et des recommandations ont \u00e9t\u00e9 \u00e9labor\u00e9es. Sur cette base, un \u00ab\u00a0mod\u00e8le pour la mise en \u0153uvre du ProSA\u00a0\u00bb a \u00e9t\u00e9 soumis au printemps 2021 \u00e0 une large consultation aupr\u00e8s des soci\u00e9t\u00e9s sp\u00e9cialis\u00e9es, des organisations nationales et des personnes int\u00e9ress\u00e9es. Les quelque 170 prises de position re\u00e7ues ont \u00e9t\u00e9 discut\u00e9es et partiellement int\u00e9gr\u00e9es au sein du groupe de travail. Le groupe de travail a maintenant publi\u00e9 une \u00ab\u00a0Roadmap pour la mise en \u0153uvre du ProSA en Suisse\u00a0\u00bb. La roadmap comprend un mod\u00e8le avec trois modules en fonction de la situation de vie. Elle esquisse en outre 12 recommandations qui doivent contribuer \u00e0 ce que le ProSA soient davantage diffus\u00e9es et ancr\u00e9es dans la vie quotidienne. Quatre domaines sont abord\u00e9s :<br \/>\n1) Sensibilisation de la population,<br \/>\n2) Aides aux ProSA pour tous,<br \/>\n3) R\u00f4le des professionnels de la sant\u00e9, du social et du conseil.<br \/>\n4) Am\u00e9lioration de la qualit\u00e9 des outils et des processus.<br \/>\nCe document ne propose pas de mod\u00e8le pour les directives anticip\u00e9es et ne vise pas \u00e0 remplacer les initiatives existantes dans le domaine du ProSA. Il vise plut\u00f4t \u00e0 am\u00e9liorer la notori\u00e9t\u00e9, l&rsquo;accessibilit\u00e9 et la qualit\u00e9 du ProSA. Les recommandations sont maintenant mises en \u0153uvre progressivement ; des projets et des travaux en sous-groupes avec une expertise appropri\u00e9e sont d\u00e9j\u00e0 en cours de planification.<br \/>\nLa roadmap est disponible en ligne en quatre langues (d\/f\/i\/e). Des informations approfondies sont en outre disponibles sur le site de la \u00ab\u00a0<span style=\"color: #0000ff;\"><a style=\"color: #0000ff;\" href=\"https:\/\/www.plateforme-soinspalliatifs.ch\/prosa?_ga=2.237709184.1643498883.1682679906-642536970.1682679906\" target=\"_blank\" rel=\"noopener\">Plateforme Soins palliatifs<\/a><\/span>\u00a0\u00bb ainsi que sur le <span style=\"color: #0000ff;\"><a style=\"color: #0000ff;\" href=\"https:\/\/www.samw.ch\/fr\/Ethique\/Apercu-des-themes\/Projet-de-soins-anticipe.html\" target=\"_blank\" rel=\"noopener\">site de l&rsquo;ASSM.<\/a><\/span><\/p>\n","protected":false},"excerpt":{"rendered":"<p>Dans le cadre du postulat 18.3384 \u00ab\u00a0Am\u00e9liorer la prise en charge et le traitement des personnes en fin de vie\u00a0\u00bb, le Conseil f\u00e9d\u00e9ral s&rsquo;est fix\u00e9 pour objectif d&rsquo;am\u00e9liorer les conditions-cadres du projet de soins anticip\u00e9 (ProSA) Pour ce faire, il  [&#8230;]<\/p>\n","protected":false},"author":1,"featured_media":0,"comment_status":"closed","ping_status":"closed","sticky":false,"template":"","format":"standard","meta":{"footnotes":""},"categories":[46],"tags":[],"class_list":["post-7258","post","type-post","status-publish","format-standard","hentry","category-2023-fr"],"_links":{"self":[{"href":"https:\/\/www.sages.ch\/fr\/wp-json\/wp\/v2\/posts\/7258","targetHints":{"allow":["GET"]}}],"collection":[{"href":"https:\/\/www.sages.ch\/fr\/wp-json\/wp\/v2\/posts"}],"about":[{"href":"https:\/\/www.sages.ch\/fr\/wp-json\/wp\/v2\/types\/post"}],"author":[{"embeddable":true,"href":"https:\/\/www.sages.ch\/fr\/wp-json\/wp\/v2\/users\/1"}],"replies":[{"embeddable":true,"href":"https:\/\/www.sages.ch\/fr\/wp-json\/wp\/v2\/comments?post=7258"}],"version-history":[{"count":2,"href":"https:\/\/www.sages.ch\/fr\/wp-json\/wp\/v2\/posts\/7258\/revisions"}],"predecessor-version":[{"id":7261,"href":"https:\/\/www.sages.ch\/fr\/wp-json\/wp\/v2\/posts\/7258\/revisions\/7261"}],"wp:attachment":[{"href":"https:\/\/www.sages.ch\/fr\/wp-json\/wp\/v2\/media?parent=7258"}],"wp:term":[{"taxonomy":"category","embeddable":true,"href":"https:\/\/www.sages.ch\/fr\/wp-json\/wp\/v2\/categories?post=7258"},{"taxonomy":"post_tag","embeddable":true,"href":"https:\/\/www.sages.ch\/fr\/wp-json\/wp\/v2\/tags?post=7258"}],"curies":[{"name":"wp","href":"https:\/\/api.w.org\/{rel}","templated":true}]}}