{"id":7284,"date":"2023-05-05T10:19:02","date_gmt":"2023-05-05T08:19:02","guid":{"rendered":"https:\/\/www.sages.ch\/?p=7284"},"modified":"2023-05-05T10:21:06","modified_gmt":"2023-05-05T08:21:06","slug":"deux-colloques-en-cooperation-dans-le-mois-de-septembre-2023","status":"publish","type":"post","link":"https:\/\/www.sages.ch\/fr\/deux-colloques-en-cooperation-dans-le-mois-de-septembre-2023\/","title":{"rendered":"Deux colloques en coop\u00e9ration dans le mois de septembre 2023"},"content":{"rendered":"<p>SAGES se r\u00e9jouit de participer \u00e0 deux autres congr\u00e8s sp\u00e9cialis\u00e9s au mois de septembre en tant que partenaire de coop\u00e9ration.<\/p>\n<p><strong>4\u00e8me Colloque national sp\u00e9cialis\u00e9 GERONTOLOGIE CH \u00abEn route &#8211; approches interprofessionnelles pour la mobilit\u00e9 des personnes \u00e2g\u00e9es\u00bb<\/strong><\/p>\n<p>Date : Jeudi, 14 septembre 2023<\/p>\n<p>Lieu : Hotel ARTE, Olten<\/p>\n<p>La mobilit\u00e9 mentale, physique et sociale d\u00e9termine dans une large mesure notre qualit\u00e9 de vie. Comment pr\u00e9server et favoriser la mobilit\u00e9 avec l\u2019avanc\u00e9e en \u00e2ge? Nous aborderons cette question sous diff\u00e9rents angles, plac\u00e9s sous le signe de la collaboration interprofessionnelle en g\u00e9rontologie.<\/p>\n<p>Le colloque r\u00e9unira des expert\u00b7e\u00b7s et des sp\u00e9cialistes de la recherche et du terrain. Il proposera des contributions passionnantes sur des projets de mobilit\u00e9, l&rsquo;apprentissage tout au long de la vie, les environnements \u00abamis des a\u00een\u00e9s\u00bb, l&rsquo;inclusion sociale, les offres touristiques et les aides \u00e0 la mobilit\u00e9 pour les personnes \u00e2g\u00e9es.<\/p>\n<p>Le congr\u00e8s se d\u00e9roulera en deux langues (f\/a).<\/p>\n<p><span style=\"color: #0000ff;\"><a style=\"color: #0000ff;\" href=\"https:\/\/www.gerontologie.ch\/fr\/actualites\/manifestations\/detail\/colloque-2023\" target=\"_blank\" rel=\"noopener\">De plus amples informations sur le programme et les modalit\u00e9s d&rsquo;inscription.<\/a><\/span><\/p>\n<p>&nbsp;<\/p>\n<p><strong>20e Congr\u00e8s suisse du Case Management : \u00ab\u00a0Case Management : pr\u00eat pour l&rsquo;avenir ?!\u00a0\u00bb<\/strong><\/p>\n<p>Quand : Mercredi 20 septembre 2023<\/p>\n<p>Lieu : KKL Lucerne<\/p>\n<p>Le 20 septembre 2023, le r\u00e9seau Case Management f\u00eatera ses 20 ans de congr\u00e8s au KKL de Lucerne et saisira l&rsquo;occasion pour faire le point et regarder vers l&rsquo;avenir : Le case management est-il pr\u00eat pour l&rsquo;avenir ?<\/p>\n<p>Il s&rsquo;agira de se pencher sur les effets du case management dans le travail avec les personnes cibles, en mettant en lumi\u00e8re la durabilit\u00e9, la qualit\u00e9 de vie et les facteurs \u00e9conomiques. D&rsquo;autre part, il sera question de savoir si le case management reste une m\u00e9thode d&rsquo;action ad\u00e9quate dans le monde VUCA et comment les case managers peuvent relever les d\u00e9fis en \u00e9largissant leurs comp\u00e9tences.<\/p>\n<p>La conf\u00e9rence se d\u00e9roulera en allemand.<\/p>\n<p><span style=\"color: #0000ff;\"><a style=\"color: #0000ff;\" href=\"https:\/\/www.sages.ch\/wp-content\/uploads\/2023\/04\/NCM_Kongress_2023-Ausschreibung_A4_4-seitig.pdf\" target=\"_blank\" rel=\"noopener\">De plus amples informations sur le programme et les modalit\u00e9s d&rsquo;inscription.<\/a><\/span><\/p>\n<p>&nbsp;<\/p>\n<p>Gr\u00e2ce au partenariat de coop\u00e9ration, nos membres b\u00e9n\u00e9ficient de conditions de participation pr\u00e9f\u00e9rentielles.<\/p>\n","protected":false},"excerpt":{"rendered":"<p>SAGES se r\u00e9jouit de participer \u00e0 deux autres congr\u00e8s sp\u00e9cialis\u00e9s au mois de septembre en tant que partenaire de coop\u00e9ration. 4\u00e8me Colloque national sp\u00e9cialis\u00e9 GERONTOLOGIE CH \u00abEn route &#8211; approches interprofessionnelles pour la mobilit\u00e9 des personnes \u00e2g\u00e9es\u00bb Date : Jeudi,  [&#8230;]<\/p>\n","protected":false},"author":1,"featured_media":0,"comment_status":"closed","ping_status":"closed","sticky":false,"template":"","format":"standard","meta":{"footnotes":""},"categories":[46],"tags":[],"class_list":["post-7284","post","type-post","status-publish","format-standard","hentry","category-2023-fr"],"_links":{"self":[{"href":"https:\/\/www.sages.ch\/fr\/wp-json\/wp\/v2\/posts\/7284","targetHints":{"allow":["GET"]}}],"collection":[{"href":"https:\/\/www.sages.ch\/fr\/wp-json\/wp\/v2\/posts"}],"about":[{"href":"https:\/\/www.sages.ch\/fr\/wp-json\/wp\/v2\/types\/post"}],"author":[{"embeddable":true,"href":"https:\/\/www.sages.ch\/fr\/wp-json\/wp\/v2\/users\/1"}],"replies":[{"embeddable":true,"href":"https:\/\/www.sages.ch\/fr\/wp-json\/wp\/v2\/comments?post=7284"}],"version-history":[{"count":4,"href":"https:\/\/www.sages.ch\/fr\/wp-json\/wp\/v2\/posts\/7284\/revisions"}],"predecessor-version":[{"id":7288,"href":"https:\/\/www.sages.ch\/fr\/wp-json\/wp\/v2\/posts\/7284\/revisions\/7288"}],"wp:attachment":[{"href":"https:\/\/www.sages.ch\/fr\/wp-json\/wp\/v2\/media?parent=7284"}],"wp:term":[{"taxonomy":"category","embeddable":true,"href":"https:\/\/www.sages.ch\/fr\/wp-json\/wp\/v2\/categories?post=7284"},{"taxonomy":"post_tag","embeddable":true,"href":"https:\/\/www.sages.ch\/fr\/wp-json\/wp\/v2\/tags?post=7284"}],"curies":[{"name":"wp","href":"https:\/\/api.w.org\/{rel}","templated":true}]}}