{"id":7338,"date":"2023-05-26T11:08:47","date_gmt":"2023-05-26T09:08:47","guid":{"rendered":"https:\/\/www.sages.ch\/?p=7338"},"modified":"2023-05-26T11:10:21","modified_gmt":"2023-05-26T09:10:21","slug":"6eme-assemblee-generale-de-sages","status":"publish","type":"post","link":"https:\/\/www.sages.ch\/fr\/6eme-assemblee-generale-de-sages\/","title":{"rendered":"6\u00e8me assembl\u00e9e g\u00e9n\u00e9rale de SAGES"},"content":{"rendered":"<p>La 6e assembl\u00e9e g\u00e9n\u00e9rale de SAGES a eu lieu le mercredi 3 mai 2023 &#8211; pour la premi\u00e8re fois de mani\u00e8re hybride et avec une traduction simultan\u00e9e pour nos membres de Suisse romande. Lors de cette assembl\u00e9e bien fr\u00e9quent\u00e9e, les statuts r\u00e9vis\u00e9s ainsi que le nouveau r\u00e8glement interne ont notamment \u00e9t\u00e9 adopt\u00e9s. Cela permet \u00e0 l&rsquo;association d&rsquo;\u00e9largir son champ d&rsquo;activit\u00e9 au travail social en lien avec la sant\u00e9, qui continue bien entendu d&rsquo;inclure le domaine de la sant\u00e9. En cons\u00e9quence, le logo est \u00e9galement adapt\u00e9 \u00e0 la nouvelle situation, de sorte que l&rsquo;association se pr\u00e9sentera d\u00e9sormais comme \u00ab\u00a0Association suisse pour le travail social en lien avec la sant\u00e9\u00a0\u00bb. Les nouveaux membres du comit\u00e9 ainsi que les membres existant\u00b7es, la copr\u00e9sidence et les r\u00e9viseurs ont \u00e9t\u00e9 (r\u00e9)\u00e9lus \u00e0 l&rsquo;unanimit\u00e9 lors de l&rsquo;assembl\u00e9e g\u00e9n\u00e9rale pour les deux prochaines ann\u00e9es. Outre les affaires statutaires, les deux professeures de la FHNW, Dr. phil. Andrea Zumbrunn et Dr. phil. Nicole Bachmann ont apport\u00e9 un approfondissement sp\u00e9cifique \u00e0 la rencontre avec leur expos\u00e9 sur la promotion de la sant\u00e9 et la pr\u00e9vention. Tous les documents ainsi que la pr\u00e9sentation de l&rsquo;expos\u00e9 peuvent \u00eatre consult\u00e9s dans<span style=\"color: #0000ff;\"> <a style=\"color: #0000ff;\" href=\"https:\/\/www.sages.ch\/mitgliederbereich\/fr\/proces-verbaux-membres\/\"><strong>l&rsquo;espace membres<\/strong><\/a><\/span>.<\/p>\n<p>Nous remercions nos membres pour votre grande confiance envers l&rsquo;association !<\/p>\n","protected":false},"excerpt":{"rendered":"<p>La 6e assembl\u00e9e g\u00e9n\u00e9rale de SAGES a eu lieu le mercredi 3 mai 2023 &#8211; pour la premi\u00e8re fois de mani\u00e8re hybride et avec une traduction simultan\u00e9e pour nos membres de Suisse romande. Lors de cette assembl\u00e9e bien fr\u00e9quent\u00e9e, les  [&#8230;]<\/p>\n","protected":false},"author":1,"featured_media":0,"comment_status":"closed","ping_status":"closed","sticky":false,"template":"","format":"standard","meta":{"footnotes":""},"categories":[46,16],"tags":[],"class_list":["post-7338","post","type-post","status-publish","format-standard","hentry","category-2023-fr","category-non-classifiee"],"_links":{"self":[{"href":"https:\/\/www.sages.ch\/fr\/wp-json\/wp\/v2\/posts\/7338","targetHints":{"allow":["GET"]}}],"collection":[{"href":"https:\/\/www.sages.ch\/fr\/wp-json\/wp\/v2\/posts"}],"about":[{"href":"https:\/\/www.sages.ch\/fr\/wp-json\/wp\/v2\/types\/post"}],"author":[{"embeddable":true,"href":"https:\/\/www.sages.ch\/fr\/wp-json\/wp\/v2\/users\/1"}],"replies":[{"embeddable":true,"href":"https:\/\/www.sages.ch\/fr\/wp-json\/wp\/v2\/comments?post=7338"}],"version-history":[{"count":2,"href":"https:\/\/www.sages.ch\/fr\/wp-json\/wp\/v2\/posts\/7338\/revisions"}],"predecessor-version":[{"id":7340,"href":"https:\/\/www.sages.ch\/fr\/wp-json\/wp\/v2\/posts\/7338\/revisions\/7340"}],"wp:attachment":[{"href":"https:\/\/www.sages.ch\/fr\/wp-json\/wp\/v2\/media?parent=7338"}],"wp:term":[{"taxonomy":"category","embeddable":true,"href":"https:\/\/www.sages.ch\/fr\/wp-json\/wp\/v2\/categories?post=7338"},{"taxonomy":"post_tag","embeddable":true,"href":"https:\/\/www.sages.ch\/fr\/wp-json\/wp\/v2\/tags?post=7338"}],"curies":[{"name":"wp","href":"https:\/\/api.w.org\/{rel}","templated":true}]}}