{"id":7833,"date":"2023-08-11T16:35:48","date_gmt":"2023-08-11T14:35:48","guid":{"rendered":"https:\/\/www.sages.ch\/?p=7833"},"modified":"2023-08-11T16:40:50","modified_gmt":"2023-08-11T14:40:50","slug":"7833","status":"publish","type":"post","link":"https:\/\/www.sages.ch\/fr\/7833\/","title":{"rendered":"Coop\u00e9ration entre les professionnel-le-s des soins et du travail social"},"content":{"rendered":"<p>Dans leur travail, les collaborateurs des services d&rsquo;aide et de soins \u00e0 domicile sont souvent confront\u00e9s aux probl\u00e8mes sociaux de leurs client-e-s. Leur traitement n\u00e9cessite de nouvelles formes de collaboration.<\/p>\n<p>Une \u00e9tude de la Haute \u00e9cole sp\u00e9cialis\u00e9e bernoise BFH, dirig\u00e9e entre autres par Ren\u00e9 R\u00fcegg, membre du comit\u00e9 de SAGES, montre quel r\u00f4le les professionnel-le-s du travail social assument dans ce contexte et comment la coop\u00e9ration entre les secteurs de la sant\u00e9 et du social peut \u00eatre organis\u00e9e.<\/p>\n<p>La publication et la brochure ne sont malheureusement disponibles qu&rsquo;en allemand.<\/p>\n<p><a href=\"https:\/\/www.knoten-maschen.ch\/spitex-wie-pflegefachleute-und-sozialarbeitende-zusammenarbeiten\/?utm_source=mailpoet&amp;utm_medium=email&amp;utm_campaign=knoten-and-maschen-newsletter-post\" target=\"_blank\" rel=\"noopener\">\u203a Publication<\/a><\/p>\n<p><a href=\"https:\/\/www.sages.ch\/wp-content\/uploads\/2023\/08\/Sozialarbeit-in-Spitex_Broschuere_Layout_def_zweispaltig.pdf\" target=\"_blank\" rel=\"noopener\">\u203a Brochure<\/a><\/p>\n","protected":false},"excerpt":{"rendered":"<p>Dans leur travail, les collaborateurs des services d&rsquo;aide et de soins \u00e0 domicile sont souvent confront\u00e9s aux probl\u00e8mes sociaux de leurs client-e-s. Leur traitement n\u00e9cessite de nouvelles formes de collaboration. Une \u00e9tude de la Haute \u00e9cole sp\u00e9cialis\u00e9e bernoise BFH, dirig\u00e9e  [&#8230;]<\/p>\n","protected":false},"author":1,"featured_media":0,"comment_status":"closed","ping_status":"closed","sticky":false,"template":"","format":"standard","meta":{"footnotes":""},"categories":[46],"tags":[],"class_list":["post-7833","post","type-post","status-publish","format-standard","hentry","category-2023-fr"],"_links":{"self":[{"href":"https:\/\/www.sages.ch\/fr\/wp-json\/wp\/v2\/posts\/7833","targetHints":{"allow":["GET"]}}],"collection":[{"href":"https:\/\/www.sages.ch\/fr\/wp-json\/wp\/v2\/posts"}],"about":[{"href":"https:\/\/www.sages.ch\/fr\/wp-json\/wp\/v2\/types\/post"}],"author":[{"embeddable":true,"href":"https:\/\/www.sages.ch\/fr\/wp-json\/wp\/v2\/users\/1"}],"replies":[{"embeddable":true,"href":"https:\/\/www.sages.ch\/fr\/wp-json\/wp\/v2\/comments?post=7833"}],"version-history":[{"count":3,"href":"https:\/\/www.sages.ch\/fr\/wp-json\/wp\/v2\/posts\/7833\/revisions"}],"predecessor-version":[{"id":7836,"href":"https:\/\/www.sages.ch\/fr\/wp-json\/wp\/v2\/posts\/7833\/revisions\/7836"}],"wp:attachment":[{"href":"https:\/\/www.sages.ch\/fr\/wp-json\/wp\/v2\/media?parent=7833"}],"wp:term":[{"taxonomy":"category","embeddable":true,"href":"https:\/\/www.sages.ch\/fr\/wp-json\/wp\/v2\/categories?post=7833"},{"taxonomy":"post_tag","embeddable":true,"href":"https:\/\/www.sages.ch\/fr\/wp-json\/wp\/v2\/tags?post=7833"}],"curies":[{"name":"wp","href":"https:\/\/api.w.org\/{rel}","templated":true}]}}