{"id":7852,"date":"2023-08-18T09:43:56","date_gmt":"2023-08-18T07:43:56","guid":{"rendered":"https:\/\/www.sages.ch\/?p=7852"},"modified":"2023-08-18T15:16:12","modified_gmt":"2023-08-18T13:16:12","slug":"quest-ce-que-la-mad-pride","status":"publish","type":"post","link":"https:\/\/www.sages.ch\/fr\/quest-ce-que-la-mad-pride\/","title":{"rendered":"Mad Pride 2023"},"content":{"rendered":"<p>La Mad Pride a vu le jour en 1993 \u00e0 Toronto en r\u00e9ponse aux pr\u00e9jug\u00e9s et discriminations envers les personnes souffrant d\u2018une maladie psychique.<br \/>\nDepuis lors, la Mad Pride se d\u00e9roule dans de nombreux pays \u2013 pour la 1\u00e8re fois en Suisse \u00e0 Gen\u00e8ve en 2019, puis \u00e0 Berne en 2022.<\/p>\n<p>La Mad Pride vise \u00e0 contribuer \u00e0 la suppression des st\u00e9r\u00e9otypes n\u00e9gatifs dans le domaine des maladies psychiques et \u00e0 attirer l&rsquo;attention de la soci\u00e9t\u00e9 sur le fait que les maladies psychiques peuvent toutes nous toucher \u00e0 un moment ou \u00e0 un autre de notre vie. Tout le monde est invit\u00e9 \u00e0 participer \u00e0 la Mad Pride &#8211; personnes concern\u00e9es, proches, professionnels, personnes int\u00e9ress\u00e9es et passants.<\/p>\n<p>La prochaine Mad Pride aura lieu samedi 7 octobre 2023 \u00e0 Lausanne.<\/p>\n<p><a href=\"https:\/\/madpride.ch\/\" target=\"_blank\" rel=\"noopener\">\u203a Site web<\/a><\/p>\n<p><a href=\"https:\/\/www.sages.ch\/wp-content\/uploads\/2023\/08\/230703_madpride_flyer.pdf\" target=\"_blank\" rel=\"noopener\">\u203a Flyer<\/a><\/p>\n","protected":false},"excerpt":{"rendered":"<p>La Mad Pride a vu le jour en 1993 \u00e0 Toronto en r\u00e9ponse aux pr\u00e9jug\u00e9s et discriminations envers les personnes souffrant d\u2018une maladie psychique. Depuis lors, la Mad Pride se d\u00e9roule dans de nombreux pays \u2013 pour la 1\u00e8re fois  [&#8230;]<\/p>\n","protected":false},"author":1,"featured_media":0,"comment_status":"closed","ping_status":"closed","sticky":false,"template":"","format":"standard","meta":{"footnotes":""},"categories":[46,16],"tags":[],"class_list":["post-7852","post","type-post","status-publish","format-standard","hentry","category-2023-fr","category-non-classifiee"],"_links":{"self":[{"href":"https:\/\/www.sages.ch\/fr\/wp-json\/wp\/v2\/posts\/7852","targetHints":{"allow":["GET"]}}],"collection":[{"href":"https:\/\/www.sages.ch\/fr\/wp-json\/wp\/v2\/posts"}],"about":[{"href":"https:\/\/www.sages.ch\/fr\/wp-json\/wp\/v2\/types\/post"}],"author":[{"embeddable":true,"href":"https:\/\/www.sages.ch\/fr\/wp-json\/wp\/v2\/users\/1"}],"replies":[{"embeddable":true,"href":"https:\/\/www.sages.ch\/fr\/wp-json\/wp\/v2\/comments?post=7852"}],"version-history":[{"count":2,"href":"https:\/\/www.sages.ch\/fr\/wp-json\/wp\/v2\/posts\/7852\/revisions"}],"predecessor-version":[{"id":7867,"href":"https:\/\/www.sages.ch\/fr\/wp-json\/wp\/v2\/posts\/7852\/revisions\/7867"}],"wp:attachment":[{"href":"https:\/\/www.sages.ch\/fr\/wp-json\/wp\/v2\/media?parent=7852"}],"wp:term":[{"taxonomy":"category","embeddable":true,"href":"https:\/\/www.sages.ch\/fr\/wp-json\/wp\/v2\/categories?post=7852"},{"taxonomy":"post_tag","embeddable":true,"href":"https:\/\/www.sages.ch\/fr\/wp-json\/wp\/v2\/tags?post=7852"}],"curies":[{"name":"wp","href":"https:\/\/api.w.org\/{rel}","templated":true}]}}