{"id":7876,"date":"2023-08-18T15:29:26","date_gmt":"2023-08-18T13:29:26","guid":{"rendered":"https:\/\/www.sages.ch\/?p=7876"},"modified":"2023-09-15T15:46:05","modified_gmt":"2023-09-15T13:46:05","slug":"le-programme-du-congres-national-sages-est-la","status":"publish","type":"post","link":"https:\/\/www.sages.ch\/fr\/le-programme-du-congres-national-sages-est-la\/","title":{"rendered":"Le programme du congr\u00e8s national SAGES est l\u00e0 !"},"content":{"rendered":"<p>Le programme du 3e congr\u00e8s national SAGES est pr\u00eat. Nous avons le plaisir de te pr\u00e9senter un choix vari\u00e9 et passionnant d&rsquo;expos\u00e9s et d&rsquo;ateliers.<\/p>\n<p>Les membres SAGES b\u00e9n\u00e9ficient de conditions pr\u00e9f\u00e9rentielles.<\/p>\n<p><a href=\"https:\/\/www.sages.ch\/wp-content\/uploads\/2023\/09\/Flyer_SAGES_Congres_2023-1.pdf\" target=\"_blank\" rel=\"noopener\">\u203a Programme<\/a><\/p>\n<p><a href=\"https:\/\/www.sages.ch\/fr\/inscription-congres-sages\/\" target=\"_blank\" rel=\"noopener\">\u203a Inscription<\/a><\/p>\n","protected":false},"excerpt":{"rendered":"<p>Le programme du 3e congr\u00e8s national SAGES est pr\u00eat. Nous avons le plaisir de te pr\u00e9senter un choix vari\u00e9 et passionnant d&rsquo;expos\u00e9s et d&rsquo;ateliers. Les membres SAGES b\u00e9n\u00e9ficient de conditions pr\u00e9f\u00e9rentielles. \u203a Programme \u203a Inscription<\/p>\n","protected":false},"author":1,"featured_media":0,"comment_status":"closed","ping_status":"closed","sticky":false,"template":"","format":"standard","meta":{"footnotes":""},"categories":[46],"tags":[],"class_list":["post-7876","post","type-post","status-publish","format-standard","hentry","category-2023-fr"],"_links":{"self":[{"href":"https:\/\/www.sages.ch\/fr\/wp-json\/wp\/v2\/posts\/7876","targetHints":{"allow":["GET"]}}],"collection":[{"href":"https:\/\/www.sages.ch\/fr\/wp-json\/wp\/v2\/posts"}],"about":[{"href":"https:\/\/www.sages.ch\/fr\/wp-json\/wp\/v2\/types\/post"}],"author":[{"embeddable":true,"href":"https:\/\/www.sages.ch\/fr\/wp-json\/wp\/v2\/users\/1"}],"replies":[{"embeddable":true,"href":"https:\/\/www.sages.ch\/fr\/wp-json\/wp\/v2\/comments?post=7876"}],"version-history":[{"count":5,"href":"https:\/\/www.sages.ch\/fr\/wp-json\/wp\/v2\/posts\/7876\/revisions"}],"predecessor-version":[{"id":7967,"href":"https:\/\/www.sages.ch\/fr\/wp-json\/wp\/v2\/posts\/7876\/revisions\/7967"}],"wp:attachment":[{"href":"https:\/\/www.sages.ch\/fr\/wp-json\/wp\/v2\/media?parent=7876"}],"wp:term":[{"taxonomy":"category","embeddable":true,"href":"https:\/\/www.sages.ch\/fr\/wp-json\/wp\/v2\/categories?post=7876"},{"taxonomy":"post_tag","embeddable":true,"href":"https:\/\/www.sages.ch\/fr\/wp-json\/wp\/v2\/tags?post=7876"}],"curies":[{"name":"wp","href":"https:\/\/api.w.org\/{rel}","templated":true}]}}