{"id":8619,"date":"2024-03-01T09:09:09","date_gmt":"2024-03-01T08:09:09","guid":{"rendered":"https:\/\/www.sages.ch\/?p=8619"},"modified":"2024-03-01T09:09:09","modified_gmt":"2024-03-01T08:09:09","slug":"la-journee-des-malades-renforcer-la-confiance","status":"publish","type":"post","link":"https:\/\/www.sages.ch\/fr\/la-journee-des-malades-renforcer-la-confiance\/","title":{"rendered":"La Journ\u00e9e des malades \u00ab\u00a0Renforcer la confiance\u00a0\u00bb"},"content":{"rendered":"<p>Depuis 85 ans et avec d\u00e9sormais 38 organisations responsables, dont SAGES en fait partie, la Journ\u00e9e des malades donne chaque ann\u00e9e, le premier dimanche de mars, un signal en faveur des personnes malades et handicap\u00e9es en Suisse, en collaboration avec le pr\u00e9sident ou la pr\u00e9sidente de la Conf\u00e9d\u00e9ration. En effet, selon l&rsquo;Office f\u00e9d\u00e9ral de la statistique, environ 2,3 millions de personnes de tous \u00e2ges sont actuellement touch\u00e9es par une maladie chronique en Suisse.<\/p>\n<p>Le slogan du 3 mars 2024 est \u00ab\u00a0Renforcer la confiance\u00a0\u00bb. Commen\u00e7ons par le point le plus positif: en Suisse, les soins m\u00e9dicaux sont de qualit\u00e9 \u2013 aussi bien pour la sant\u00e9 physique que psychique. Au niveau mondial, la Suisse est dans les premiers rangs. Malgr\u00e9 cela, il n\u2019est pas toujours possible, en toutes situations, de b\u00e9n\u00e9ficier imm\u00e9diatement des mesures et du soutien appropri\u00e9s. Cela peut par exemple \u00eatre le cas lorsqu\u2019il manque des places de th\u00e9rapie ou du personnel. La question du manque ou de la p\u00e9nurie para\u00eet omnipr\u00e9sente aujourd\u2019hui \u2013 et certains secteurs de la sant\u00e9 n\u2019y \u00e9chappent pas. Mais th\u00e9matiser sans cesse ce qui ne va pas et ce qui fait d\u00e9faut peut susciter des questions et des craintes chez les personnes malades, \u00e2g\u00e9es ou en situation de handicap. En collaboration avec des professionnels de la sant\u00e9 et des personnes atteintes de maladies chroniques, nous avons cherch\u00e9 \u00e0 savoir comment r\u00e9ussir \u00e0 ne pas perdre courage face \u00e0 cette situation initiale.<\/p>\n<p><a href=\"https:\/\/www.tagderkranken.ch\/Accueil\" target=\"_blank\" rel=\"noopener\">\u203a Vers le site web et les activit\u00e9s pr\u00e9vues<\/a><\/p>\n","protected":false},"excerpt":{"rendered":"<p>Depuis 85 ans et avec d\u00e9sormais 38 organisations responsables, dont SAGES en fait partie, la Journ\u00e9e des malades donne chaque ann\u00e9e, le premier dimanche de mars, un signal en faveur des personnes malades et handicap\u00e9es en Suisse, en collaboration avec  [&#8230;]<\/p>\n","protected":false},"author":1,"featured_media":0,"comment_status":"closed","ping_status":"closed","sticky":false,"template":"","format":"standard","meta":{"footnotes":""},"categories":[70,69,71],"tags":[],"class_list":["post-8619","post","type-post","status-publish","format-standard","hentry","category-2024-fr-2","category-2024-fr","category-aktuell-fr"],"_links":{"self":[{"href":"https:\/\/www.sages.ch\/fr\/wp-json\/wp\/v2\/posts\/8619","targetHints":{"allow":["GET"]}}],"collection":[{"href":"https:\/\/www.sages.ch\/fr\/wp-json\/wp\/v2\/posts"}],"about":[{"href":"https:\/\/www.sages.ch\/fr\/wp-json\/wp\/v2\/types\/post"}],"author":[{"embeddable":true,"href":"https:\/\/www.sages.ch\/fr\/wp-json\/wp\/v2\/users\/1"}],"replies":[{"embeddable":true,"href":"https:\/\/www.sages.ch\/fr\/wp-json\/wp\/v2\/comments?post=8619"}],"version-history":[{"count":1,"href":"https:\/\/www.sages.ch\/fr\/wp-json\/wp\/v2\/posts\/8619\/revisions"}],"predecessor-version":[{"id":8620,"href":"https:\/\/www.sages.ch\/fr\/wp-json\/wp\/v2\/posts\/8619\/revisions\/8620"}],"wp:attachment":[{"href":"https:\/\/www.sages.ch\/fr\/wp-json\/wp\/v2\/media?parent=8619"}],"wp:term":[{"taxonomy":"category","embeddable":true,"href":"https:\/\/www.sages.ch\/fr\/wp-json\/wp\/v2\/categories?post=8619"},{"taxonomy":"post_tag","embeddable":true,"href":"https:\/\/www.sages.ch\/fr\/wp-json\/wp\/v2\/tags?post=8619"}],"curies":[{"name":"wp","href":"https:\/\/api.w.org\/{rel}","templated":true}]}}