{"id":8913,"date":"2024-05-31T13:58:48","date_gmt":"2024-05-31T11:58:48","guid":{"rendered":"https:\/\/www.sages.ch\/?p=8913"},"modified":"2024-05-31T13:59:08","modified_gmt":"2024-05-31T11:59:08","slug":"une-proposition-courageuse-pour-le-retablissement-du-systeme-de-sante","status":"publish","type":"post","link":"https:\/\/www.sages.ch\/fr\/une-proposition-courageuse-pour-le-retablissement-du-systeme-de-sante\/","title":{"rendered":"Une proposition courageuse pour le r\u00e9tablissement du syst\u00e8me de sant\u00e9"},"content":{"rendered":"<p>Une proposition courageuse pour le r\u00e9tablissement du syst\u00e8me de sant\u00e9<\/p>\n<p>Dans sa prise de position r\u00e9cemment publi\u00e9e, l&rsquo;Acad\u00e9mie Suisse des sciences m\u00e9dicales (ASSM) reprend l&rsquo;id\u00e9e d&rsquo;une loi f\u00e9d\u00e9rale sur la sant\u00e9. Elle propose comme base un article sur la sant\u00e9 dans la Constitution f\u00e9d\u00e9rale. La prise de position se r\u00e9f\u00e8re \u00e0 un travail scientifique r\u00e9alis\u00e9 par le Centre universitaire Unisant\u00e9 (Lausanne) en collaboration avec l&rsquo;Institut de droit de la sant\u00e9 de l&rsquo;Universit\u00e9 de Neuch\u00e2tel sur mandat de l&rsquo;ASSM et publi\u00e9 en f\u00e9vrier 2024. Un tel concept \u00ab\u00a0One Health\u00a0\u00bb r\u00e9glementerait des bases importantes au niveau f\u00e9d\u00e9ral et prendrait notamment en compte de mani\u00e8re plus pro\u00e9minente les d\u00e9terminants sociaux de la sant\u00e9.<\/p>\n<p><a href=\"https:\/\/www.samw.ch\/fr\/Projets\/Apercu-des-projets\/Loi-federale-sur-la-sante.html\" target=\"_blank\" rel=\"noopener\">\u203a Loi sur la sant\u00e9 (samw.ch)<\/a><\/p>\n","protected":false},"excerpt":{"rendered":"<p>Une proposition courageuse pour le r\u00e9tablissement du syst\u00e8me de sant\u00e9 Dans sa prise de position r\u00e9cemment publi\u00e9e, l&rsquo;Acad\u00e9mie Suisse des sciences m\u00e9dicales (ASSM) reprend l&rsquo;id\u00e9e d&rsquo;une loi f\u00e9d\u00e9rale sur la sant\u00e9. Elle propose comme base un article sur la sant\u00e9  [&#8230;]<\/p>\n","protected":false},"author":1,"featured_media":0,"comment_status":"closed","ping_status":"closed","sticky":false,"template":"","format":"standard","meta":{"footnotes":""},"categories":[69,70,71],"tags":[],"class_list":["post-8913","post","type-post","status-publish","format-standard","hentry","category-2024-fr","category-2024-fr-2","category-aktuell-fr"],"_links":{"self":[{"href":"https:\/\/www.sages.ch\/fr\/wp-json\/wp\/v2\/posts\/8913","targetHints":{"allow":["GET"]}}],"collection":[{"href":"https:\/\/www.sages.ch\/fr\/wp-json\/wp\/v2\/posts"}],"about":[{"href":"https:\/\/www.sages.ch\/fr\/wp-json\/wp\/v2\/types\/post"}],"author":[{"embeddable":true,"href":"https:\/\/www.sages.ch\/fr\/wp-json\/wp\/v2\/users\/1"}],"replies":[{"embeddable":true,"href":"https:\/\/www.sages.ch\/fr\/wp-json\/wp\/v2\/comments?post=8913"}],"version-history":[{"count":2,"href":"https:\/\/www.sages.ch\/fr\/wp-json\/wp\/v2\/posts\/8913\/revisions"}],"predecessor-version":[{"id":8915,"href":"https:\/\/www.sages.ch\/fr\/wp-json\/wp\/v2\/posts\/8913\/revisions\/8915"}],"wp:attachment":[{"href":"https:\/\/www.sages.ch\/fr\/wp-json\/wp\/v2\/media?parent=8913"}],"wp:term":[{"taxonomy":"category","embeddable":true,"href":"https:\/\/www.sages.ch\/fr\/wp-json\/wp\/v2\/categories?post=8913"},{"taxonomy":"post_tag","embeddable":true,"href":"https:\/\/www.sages.ch\/fr\/wp-json\/wp\/v2\/tags?post=8913"}],"curies":[{"name":"wp","href":"https:\/\/api.w.org\/{rel}","templated":true}]}}