{"id":9002,"date":"2024-06-21T15:54:56","date_gmt":"2024-06-21T13:54:56","guid":{"rendered":"https:\/\/www.sages.ch\/?p=9002"},"modified":"2024-06-21T16:09:48","modified_gmt":"2024-06-21T14:09:48","slug":"sages-informations-devenements","status":"publish","type":"post","link":"https:\/\/www.sages.ch\/fr\/sages-informations-devenements\/","title":{"rendered":"SAGES-Informations d&rsquo;\u00e9v\u00e9nements"},"content":{"rendered":"<div><strong><strong>5e Colloque national sp\u00e9cialis\u00e9 GERONTOLOGIE CH \u00abTechnologies pour la qualit\u00e9 de vie dans le vieillissement: un tour d\u2019horizon interprofessionnel\u00bb<br \/>\nQuand : Jeudi 5 septembre 2024<br \/>\nLieu : H\u00f4tel National, Berne<\/strong><\/strong><\/div>\n<div>\n<p>Les nouvelles technologies marquent de plus en plus notre quotidien. De l&rsquo;application \u00e0 la solution informatique complexe, des lunettes de r\u00e9alit\u00e9 virtuelle au robot, l&rsquo;\u00e9ventail est immense. Comment la technologie peut-elle contribuer \u00e0 l&rsquo;ind\u00e9pendance et \u00e0 la qualit\u00e9 de vie des personnes \u00e2g\u00e9es ? Quelles sont ses limites ? Des sp\u00e9cialist-e-s issu-e-s de la science et de la pratique donneront un aper\u00e7u interdisciplinaire de ce domaine porteur d&rsquo;avenir.<\/p>\n<p>Le congr\u00e8s se d\u00e9roulera en deux langues (d\/f).<\/p>\n<\/div>\n<div><strong>SAGES est partenaire de coop\u00e9ration du congr\u00e8s, nos membres b\u00e9n\u00e9ficient de conditions de participation r\u00e9duites.<br \/>\n<span style=\"color: #0000ff;\"><a style=\"color: #0000ff;\" href=\"https:\/\/www.sages.ch\/fr\/agenda\/5e-colloque-national-specialise-gerontologie-ch-technologies-pour-la-qualite-de-vie-dans-le-vieillissement-un-tour-dhorizon-interprofessionnel\/\" target=\"_blank\" rel=\"noopener noreferrer\">Plus d&rsquo;informations sur le programme et les possibilit\u00e9s d&rsquo;inscription.<\/a><\/span><\/strong><\/div>\n","protected":false},"excerpt":{"rendered":"<p>5e Colloque national sp\u00e9cialis\u00e9 GERONTOLOGIE CH \u00abTechnologies pour la qualit\u00e9 de vie dans le vieillissement: un tour d\u2019horizon interprofessionnel\u00bb Quand : Jeudi 5 septembre 2024 Lieu : H\u00f4tel National, Berne Les nouvelles technologies marquent de plus en plus notre quotidien.  [&#8230;]<\/p>\n","protected":false},"author":1,"featured_media":0,"comment_status":"closed","ping_status":"closed","sticky":false,"template":"","format":"standard","meta":{"footnotes":""},"categories":[70,69,71],"tags":[],"class_list":["post-9002","post","type-post","status-publish","format-standard","hentry","category-2024-fr-2","category-2024-fr","category-aktuell-fr"],"_links":{"self":[{"href":"https:\/\/www.sages.ch\/fr\/wp-json\/wp\/v2\/posts\/9002","targetHints":{"allow":["GET"]}}],"collection":[{"href":"https:\/\/www.sages.ch\/fr\/wp-json\/wp\/v2\/posts"}],"about":[{"href":"https:\/\/www.sages.ch\/fr\/wp-json\/wp\/v2\/types\/post"}],"author":[{"embeddable":true,"href":"https:\/\/www.sages.ch\/fr\/wp-json\/wp\/v2\/users\/1"}],"replies":[{"embeddable":true,"href":"https:\/\/www.sages.ch\/fr\/wp-json\/wp\/v2\/comments?post=9002"}],"version-history":[{"count":6,"href":"https:\/\/www.sages.ch\/fr\/wp-json\/wp\/v2\/posts\/9002\/revisions"}],"predecessor-version":[{"id":9008,"href":"https:\/\/www.sages.ch\/fr\/wp-json\/wp\/v2\/posts\/9002\/revisions\/9008"}],"wp:attachment":[{"href":"https:\/\/www.sages.ch\/fr\/wp-json\/wp\/v2\/media?parent=9002"}],"wp:term":[{"taxonomy":"category","embeddable":true,"href":"https:\/\/www.sages.ch\/fr\/wp-json\/wp\/v2\/categories?post=9002"},{"taxonomy":"post_tag","embeddable":true,"href":"https:\/\/www.sages.ch\/fr\/wp-json\/wp\/v2\/tags?post=9002"}],"curies":[{"name":"wp","href":"https:\/\/api.w.org\/{rel}","templated":true}]}}