{"id":9130,"date":"2024-08-16T07:41:59","date_gmt":"2024-08-16T05:41:59","guid":{"rendered":"https:\/\/www.sages.ch\/?p=9130"},"modified":"2024-08-16T07:44:27","modified_gmt":"2024-08-16T05:44:27","slug":"semaine-daction-pour-la-securite-des-patients-2024","status":"publish","type":"post","link":"https:\/\/www.sages.ch\/fr\/semaine-daction-pour-la-securite-des-patients-2024\/","title":{"rendered":"Semaine d\u2019action pour la s\u00e9curit\u00e9 des patients 2024"},"content":{"rendered":"<p>La \u00ab\u00a0semaine d\u2019action pour la s\u00e9curit\u00e9 des patients\u00a0\u00bb aura lieu cette ann\u00e9e du 16 au 20 septembre 2024 sous le slogan \u00ab\u00a0Diagnostic. Une affaire d\u2019\u00e9quipe.\u00a0\u00bb.<\/p>\n<p>Un diagnostic ne rel\u00e8ve pas uniquement de la responsabilit\u00e9 d&rsquo;un\u00b7e seul\u00b7e professionnel\u00b7le. Il faut plut\u00f4t un travail d&rsquo;\u00e9quipe interprofessionnel, impliquant les patient\u00b7e\u00b7s, et un bon \u00e9change entre toutes les interfaces tout au long du parcours des patient\u00b7e\u00b7s dans le syst\u00e8me de sant\u00e9. L&rsquo;\u00e9quipe de diagnostic comprend tou\u00b7te\u00b7s les professionnel\u00b7le\u00b7s de la sant\u00e9 qui participent directement ou indirectement \u00e0 l&rsquo;\u00e9tablissement du diagnostic.<\/p>\n<p>L&rsquo;influence des facteurs sociaux sur la sant\u00e9 des personnes et l&rsquo;impact de la maladie sur la situation sociale sont d\u00e9sormais bien connus et scientifiquement prouv\u00e9s. Les facteurs sociaux influencent la sant\u00e9 des personnes et \u00e9galement la sant\u00e9 publique ; il existe des liens complexes et multicausaux entre la situation sanitaire et sociale d&rsquo;une population. Au niveau individuel, la stabilisation des facteurs sociaux a une influence positive directe sur les processus de gu\u00e9rison, tandis qu&rsquo;une d\u00e9t\u00e9rioration de la situation sanitaire a un impact n\u00e9gatif sur la situation sociale d&rsquo;une personne et de son entourage proche (particuli\u00e8rement \u00e9vident dans le cas de maladies graves et\/ou \u00e9volutives telles que le cancer, la d\u00e9mence, etc.). C&rsquo;est pourquoi les soins de sant\u00e9 ont pour mission essentielle de mettre \u00e0 la disposition des personnes concern\u00e9es et de leurs proches des offres de soutien pour les questions sociales li\u00e9es aux maladies physiques ou psychiques. L&rsquo;accent est mis sur les questions de gestion de la maladie (par ex. mener sa vie malgr\u00e9 les restrictions li\u00e9es \u00e0 la sant\u00e9), les questions de droit social, de droit du travail et de finances, les besoins de coordination et d&rsquo;orientation \u00e0 l&rsquo;interface entre la sant\u00e9 et le social, etc. Souvent, les offres de soins traditionnelles des professions de sant\u00e9 classiques ne sont pas suffisantes, ce qui peut conduire \u00e0 des inefficacit\u00e9s, des utilisations erron\u00e9es et parfois m\u00eame \u00e0 des effets de porte tournante.<br \/>\nC&rsquo;est pourquoi nous sommes convaincus que le travail social li\u00e9 \u00e0 la sant\u00e9 doit avoir et aura sa place dans l&rsquo;\u00e9tablissement d&rsquo;un diagnostic commun. Sur la base de leur formation, les travailleurs et travailleuses sociaux dans le domaine de la sant\u00e9 disposent des comp\u00e9tences et des instruments de travail n\u00e9cessaires pour traiter la dimension sociale des probl\u00e8mes de sant\u00e9 d&rsquo;une part et pour fournir des prestations de coordination dans la cha\u00eene de soins d&rsquo;autre part. Ils\/elles sont pr\u00e9destin\u00e9\u00b7e\u00b7s \u00e0 apporter une contribution essentielle \u00e0 la ma\u00eetrise des co\u00fbts et \u00e0 la prise en charge globale de la population. Ils\/elles peuvent \u00e9galement soulager le personnel m\u00e9dical et soignant sp\u00e9cialis\u00e9 et contribuer ainsi \u00e0 att\u00e9nuer la p\u00e9nurie de personnel qualifi\u00e9.<\/p>\n<p>Participez \u00e0 la \u00ab Semaine d&rsquo;action pour la s\u00e9curit\u00e9 des patients \u00bb et donnez la parole aux patients et patientes, aux \u00e9quipes interprofessionnelles et, surtout, au travail social dans le domaine de la sant\u00e9 ! Vous trouverez <span style=\"color: #0000ff;\"><strong><a style=\"color: #0000ff;\" href=\"https:\/\/patientensicherheit.ch\/fr\/semaine-daction\/\" target=\"_blank\" rel=\"noopener\">ici<\/a><\/strong><\/span> le mat\u00e9riel et les activit\u00e9s que la fondation \u00ab S\u00e9curit\u00e9 des patients Suisse \u00bb met \u00e0 disposition des organisations de sant\u00e9 dans le cadre de la semaine d&rsquo;action. Vous pouvez \u00e9galement participer \u00e0 une <span style=\"color: #0000ff;\"><strong><a style=\"color: #0000ff;\" href=\"https:\/\/forms.office.com\/pages\/responsepage.aspx?id=3NBoJyCiT0SA_ZCRrFKSc6HS84hPGUNIlUeqxedMCalUOU42WlJISEFBQ1hBNjNYOVFCT1dDUEhSNyQlQCN0PWcu\" target=\"_blank\" rel=\"noopener\">courte enqu\u00eate en ligne<\/a><\/strong><\/span> sur la s\u00e9curit\u00e9 des diagnostics dans votre institution.<\/p>\n","protected":false},"excerpt":{"rendered":"<p>La \u00ab\u00a0semaine d\u2019action pour la s\u00e9curit\u00e9 des patients\u00a0\u00bb aura lieu cette ann\u00e9e du 16 au 20 septembre 2024 sous le slogan \u00ab\u00a0Diagnostic. Une affaire d\u2019\u00e9quipe.\u00a0\u00bb. Un diagnostic ne rel\u00e8ve pas uniquement de la responsabilit\u00e9 d&rsquo;un\u00b7e seul\u00b7e professionnel\u00b7le. Il faut plut\u00f4t  [&#8230;]<\/p>\n","protected":false},"author":1,"featured_media":0,"comment_status":"closed","ping_status":"closed","sticky":false,"template":"","format":"standard","meta":{"footnotes":""},"categories":[69,70,71],"tags":[],"class_list":["post-9130","post","type-post","status-publish","format-standard","hentry","category-2024-fr","category-2024-fr-2","category-aktuell-fr"],"_links":{"self":[{"href":"https:\/\/www.sages.ch\/fr\/wp-json\/wp\/v2\/posts\/9130","targetHints":{"allow":["GET"]}}],"collection":[{"href":"https:\/\/www.sages.ch\/fr\/wp-json\/wp\/v2\/posts"}],"about":[{"href":"https:\/\/www.sages.ch\/fr\/wp-json\/wp\/v2\/types\/post"}],"author":[{"embeddable":true,"href":"https:\/\/www.sages.ch\/fr\/wp-json\/wp\/v2\/users\/1"}],"replies":[{"embeddable":true,"href":"https:\/\/www.sages.ch\/fr\/wp-json\/wp\/v2\/comments?post=9130"}],"version-history":[{"count":3,"href":"https:\/\/www.sages.ch\/fr\/wp-json\/wp\/v2\/posts\/9130\/revisions"}],"predecessor-version":[{"id":9134,"href":"https:\/\/www.sages.ch\/fr\/wp-json\/wp\/v2\/posts\/9130\/revisions\/9134"}],"wp:attachment":[{"href":"https:\/\/www.sages.ch\/fr\/wp-json\/wp\/v2\/media?parent=9130"}],"wp:term":[{"taxonomy":"category","embeddable":true,"href":"https:\/\/www.sages.ch\/fr\/wp-json\/wp\/v2\/categories?post=9130"},{"taxonomy":"post_tag","embeddable":true,"href":"https:\/\/www.sages.ch\/fr\/wp-json\/wp\/v2\/tags?post=9130"}],"curies":[{"name":"wp","href":"https:\/\/api.w.org\/{rel}","templated":true}]}}