{"id":9969,"date":"2025-02-14T11:59:38","date_gmt":"2025-02-14T10:59:38","guid":{"rendered":"https:\/\/www.sages.ch\/?p=9969"},"modified":"2025-02-14T11:59:38","modified_gmt":"2025-02-14T10:59:38","slug":"journee-des-malades-2025","status":"publish","type":"post","link":"https:\/\/www.sages.ch\/fr\/journee-des-malades-2025\/","title":{"rendered":"Journ\u00e9e des malades 2025"},"content":{"rendered":"<p>La \u00abJourn\u00e9e des malades\u00bb figure en bonne place dans le calendrier annuel de la Suisse. La 86e \u00e9dition aura lieu le 2 mars 2025.<\/p>\n<p>Derri\u00e8re cette journ\u00e9e se trouve l&rsquo;association homonyme ui, une fois par an, sensibilise la population \u00e0 un th\u00e8me ayant trait \u00e0 la sant\u00e9 et \u00e0 la maladie. Lobjectif est de r\u00e9unir les bien-portants et les malades et de lutter contre l\u2019isolement des personnes en mauvaise sant\u00e9.<\/p>\n<p>Cette ann\u00e9e, le th\u00e8me est \u00abAide \u00e0 l&rsquo;entraide\u00bb. L&rsquo;association, dont SAGES fait \u00e9galement partie, souhaite ainsi encourager les personnes concern\u00e9es et leurs proches \u00e0 rechercher l&rsquo;\u00e9change et \u00e0 recourir aux offres correspondantes.<\/p>\n<p>\u00abAide \u00e0 l&rsquo;entraide\u00bb, c&rsquo;est le principe de base de l&rsquo;action sociale.<\/p>\n<p>\u203a Lisez \u00e0 ce sujet <a href=\"https:\/\/www.sages.ch\/wp-content\/uploads\/2025\/02\/Article-specialise-Journee-des-malades-SAGES-2025.pdf\" target=\"_blank\" rel=\"noopener\">l&rsquo;article sp\u00e9cialis\u00e9 de SAGES<\/a><\/p>\n<p><img decoding=\"async\" class=\"alignnone size-full wp-image-9957\" src=\"https:\/\/www.sages.ch\/wp-content\/uploads\/2025\/02\/TdK_SAGES_Schalch-f.png\" alt=\"\" width=\"1200\" height=\"627\" srcset=\"https:\/\/www.sages.ch\/wp-content\/uploads\/2025\/02\/TdK_SAGES_Schalch-f-200x105.png 200w, https:\/\/www.sages.ch\/wp-content\/uploads\/2025\/02\/TdK_SAGES_Schalch-f-300x157.png 300w, https:\/\/www.sages.ch\/wp-content\/uploads\/2025\/02\/TdK_SAGES_Schalch-f-400x209.png 400w, https:\/\/www.sages.ch\/wp-content\/uploads\/2025\/02\/TdK_SAGES_Schalch-f-600x314.png 600w, https:\/\/www.sages.ch\/wp-content\/uploads\/2025\/02\/TdK_SAGES_Schalch-f-768x401.png 768w, https:\/\/www.sages.ch\/wp-content\/uploads\/2025\/02\/TdK_SAGES_Schalch-f-800x418.png 800w, https:\/\/www.sages.ch\/wp-content\/uploads\/2025\/02\/TdK_SAGES_Schalch-f-1024x535.png 1024w, https:\/\/www.sages.ch\/wp-content\/uploads\/2025\/02\/TdK_SAGES_Schalch-f.png 1200w\" sizes=\"(max-width: 1200px) 100vw, 1200px\" \/> <img decoding=\"async\" class=\"alignnone size-full wp-image-9961\" src=\"https:\/\/www.sages.ch\/wp-content\/uploads\/2025\/02\/TdK_SAGES_Stoop-f.png\" alt=\"\" width=\"1200\" height=\"627\" srcset=\"https:\/\/www.sages.ch\/wp-content\/uploads\/2025\/02\/TdK_SAGES_Stoop-f-200x105.png 200w, https:\/\/www.sages.ch\/wp-content\/uploads\/2025\/02\/TdK_SAGES_Stoop-f-300x157.png 300w, https:\/\/www.sages.ch\/wp-content\/uploads\/2025\/02\/TdK_SAGES_Stoop-f-400x209.png 400w, https:\/\/www.sages.ch\/wp-content\/uploads\/2025\/02\/TdK_SAGES_Stoop-f-600x314.png 600w, https:\/\/www.sages.ch\/wp-content\/uploads\/2025\/02\/TdK_SAGES_Stoop-f-768x401.png 768w, https:\/\/www.sages.ch\/wp-content\/uploads\/2025\/02\/TdK_SAGES_Stoop-f-800x418.png 800w, https:\/\/www.sages.ch\/wp-content\/uploads\/2025\/02\/TdK_SAGES_Stoop-f-1024x535.png 1024w, https:\/\/www.sages.ch\/wp-content\/uploads\/2025\/02\/TdK_SAGES_Stoop-f.png 1200w\" sizes=\"(max-width: 1200px) 100vw, 1200px\" \/><\/p>\n","protected":false},"excerpt":{"rendered":"<p>La \u00abJourn\u00e9e des malades\u00bb figure en bonne place dans le calendrier annuel de la Suisse. La 86e \u00e9dition aura lieu le 2 mars 2025. Derri\u00e8re cette journ\u00e9e se trouve l&rsquo;association homonyme ui, une fois par an, sensibilise la population \u00e0  [&#8230;]<\/p>\n","protected":false},"author":1,"featured_media":0,"comment_status":"closed","ping_status":"closed","sticky":false,"template":"","format":"standard","meta":{"footnotes":""},"categories":[75,16],"tags":[],"class_list":["post-9969","post","type-post","status-publish","format-standard","hentry","category-2025-fr","category-non-classifiee"],"_links":{"self":[{"href":"https:\/\/www.sages.ch\/fr\/wp-json\/wp\/v2\/posts\/9969","targetHints":{"allow":["GET"]}}],"collection":[{"href":"https:\/\/www.sages.ch\/fr\/wp-json\/wp\/v2\/posts"}],"about":[{"href":"https:\/\/www.sages.ch\/fr\/wp-json\/wp\/v2\/types\/post"}],"author":[{"embeddable":true,"href":"https:\/\/www.sages.ch\/fr\/wp-json\/wp\/v2\/users\/1"}],"replies":[{"embeddable":true,"href":"https:\/\/www.sages.ch\/fr\/wp-json\/wp\/v2\/comments?post=9969"}],"version-history":[{"count":1,"href":"https:\/\/www.sages.ch\/fr\/wp-json\/wp\/v2\/posts\/9969\/revisions"}],"predecessor-version":[{"id":9970,"href":"https:\/\/www.sages.ch\/fr\/wp-json\/wp\/v2\/posts\/9969\/revisions\/9970"}],"wp:attachment":[{"href":"https:\/\/www.sages.ch\/fr\/wp-json\/wp\/v2\/media?parent=9969"}],"wp:term":[{"taxonomy":"category","embeddable":true,"href":"https:\/\/www.sages.ch\/fr\/wp-json\/wp\/v2\/categories?post=9969"},{"taxonomy":"post_tag","embeddable":true,"href":"https:\/\/www.sages.ch\/fr\/wp-json\/wp\/v2\/tags?post=9969"}],"curies":[{"name":"wp","href":"https:\/\/api.w.org\/{rel}","templated":true}]}}